{"id":10032,"date":"2025-04-28T14:31:50","date_gmt":"2025-04-28T14:31:50","guid":{"rendered":"https:\/\/www.orquestraouropreto.com.br\/site\/?p=10032"},"modified":"2025-04-28T14:31:50","modified_gmt":"2025-04-28T14:31:50","slug":"musica-para-cinema","status":"publish","type":"post","link":"https:\/\/www.orquestraouropreto.com.br\/site\/musica-para-cinema\/","title":{"rendered":"M\u00fasica Para Cinema"},"content":{"rendered":"<p style=\"text-align: center;\">8 de junho, no Sesc Palladium<br \/>\n<!--more--><\/p>\n<h3 class=\"p1\" style=\"text-align: center;\"><b>Orquestra Ouro Preto prop\u00f5e viagem cinematogr\u00e1fica na S\u00e9rie Domingos Cl\u00e1ssicos<\/b><\/h3>\n<p class=\"p2\" style=\"text-align: center;\"><i>O concerto acontece no dia 8 de junho, no Sesc Palladium, tem pre\u00e7os populares e celebra um dos grandes sucessos da forma\u00e7\u00e3o mineira.<\/i><\/p>\n<p>&nbsp;<\/p>\n<p class=\"p4\">Aclamada por sua versatilidade e inova\u00e7\u00e3o, a Orquestra Ouro Preto celebra 25 anos de trajet\u00f3ria com um concerto dedicado \u00e0 m\u00fasica do cinema. No dia <b>8 de junho, \u00e0s 11h, o Sesc Palladium, em Belo Horizonte<\/b>, recebe mais uma edi\u00e7\u00e3o da <b>S\u00e9rie Domingos Cl\u00e1ssicos<\/b>, em uma apresenta\u00e7\u00e3o que re\u00fane trilhas sonoras marcantes da s\u00e9tima arte. O programa destaca o disco <i>M\u00fasica para Cinema<\/i>, lan\u00e7ado pela orquestra em 2017.<\/p>\n<p style=\"text-align: left;\"><a href=\"https:\/\/bileto.sympla.com.br\/event\/105521?share_id=1-copiarlink\" target=\"_blank\" rel=\"noopener\">Clique aqui para garantir os seus ingressos.<\/a><\/p>\n<p class=\"p4\">O repert\u00f3rio resgata temas consagrados que atravessaram d\u00e9cadas e emocionaram gera\u00e7\u00f5es. Sob a reg\u00eancia do Maestro Rodrigo Toffolo e com arranjos de Mateus Freire, o p\u00fablico poder\u00e1 reviver obras como \u201cAs Time Goes By\u201d, de <i>Casablanca<\/i>, al\u00e9m de temas compostos por Charles Chaplin, como \u201cSmile\u201d e \u201cEternally\u201d. Tamb\u00e9m fazem parte do concerto trilhas de filmes como <i>O Carteiro e o Poeta<\/i> e a divertida <i>The Typewriter<\/i>, conhecida pela ic\u00f4nica cena de Jerry Lewis. O programa inclui ainda sucessos do projeto Cine Hollywood, voltado a grandes blockbusters internacionais.<\/p>\n<p class=\"p4\">A rela\u00e7\u00e3o entre a Orquestra Ouro Preto e o cinema \u00e9 constante e reconhecida pelo p\u00fablico. Com milhares de visualiza\u00e7\u00f5es nas plataformas digitais, seus programas dedicados ao audiovisual est\u00e3o entre os projetos de maior alcance da institui\u00e7\u00e3o. Nesta apresenta\u00e7\u00e3o, o repert\u00f3rio ainda presta homenagem a compositores como Ennio Morricone e recria momentos inesquec\u00edveis de filmes como <i>Piratas do Caribe<\/i>, <i>Os Ca\u00e7a-Fantasmas<\/i> e produ\u00e7\u00f5es da Disney. \u201cO que seria do cinema sem a m\u00fasica? N\u00e3o teria a menor gra\u00e7a\u201d, afirma o maestro Rodrigo Toffolo. \u201cNossa proposta \u00e9 emocionar todas as idades com trilhas que fazem parte da mem\u00f3ria afetiva de muitas pessoas.\u201d<\/p>\n<p class=\"p4\">Os ingressos est\u00e3o \u00e0 venda pelo Sympla. O espet\u00e1culo \u00e9 uma excelente oportunidade para toda a fam\u00edlia curtir, ao vivo, as trilhas sonoras que marcaram a hist\u00f3ria do cinema. Um programa que reafirma o compromisso da Orquestra Ouro Preto com a democratiza\u00e7\u00e3o da m\u00fasica de concerto, por meio de repert\u00f3rios diversificados e acess\u00edveis.<\/p>\n<p class=\"p4\">A apresenta\u00e7\u00e3o integra a S\u00e9rie Domingos Cl\u00e1ssicos, uma parceria entre a Orquestra e o Sesc em Minas, que, em 2025, completa dez anos de hist\u00f3ria. Consolidada como uma das principais iniciativas de forma\u00e7\u00e3o de p\u00fablico para a m\u00fasica orquestral no Brasil, a s\u00e9rie j\u00e1 realizou dezenas de concertos gratuitos ou a pre\u00e7os populares, promovendo encontros regulares entre a m\u00fasica de concerto e a comunidade, no cora\u00e7\u00e3o de Belo Horizonte.<\/p>\n<p>&nbsp;<\/p>\n<hr \/>\n<p class=\"p4\"><b>Servi\u00e7o<\/b><br \/>\n<b>Orquestra Ouro Preto: M\u00fasica Para Cinema<\/b><\/p>\n<p class=\"p4\"><b>Data:<\/b> 8 de junho de 2025<br \/>\n<b>Hor\u00e1rio:<\/b> 11h<br \/>\n<b>Local:<\/b> Grande Teatro do Sesc Palladium (Rua Rio de Janeiro, 1046, Centro, Belo Horizonte &#8211; MG)<br \/>\n<b>Ingressos: <\/b><a href=\"https:\/\/bileto.sympla.com.br\/event\/105521?share_id=1-copiarlink\" target=\"_blank\" rel=\"noopener\">Clique aqui para garantir os seus ingressos.<\/a><\/p>\n","protected":false},"excerpt":{"rendered":"<p>8 de junho, no Sesc Palladium<\/p>\n","protected":false},"author":1,"featured_media":10033,"comment_status":"closed","ping_status":"closed","sticky":false,"template":"","format":"standard","meta":{"footnotes":""},"categories":[289,295],"tags":[],"class_list":{"0":"post-10032","1":"post","2":"type-post","3":"status-publish","4":"format-standard","5":"has-post-thumbnail","7":"category-eventos","8":"category-noticia"},"_links":{"self":[{"href":"https:\/\/www.orquestraouropreto.com.br\/site\/wp-json\/wp\/v2\/posts\/10032","targetHints":{"allow":["GET"]}}],"collection":[{"href":"https:\/\/www.orquestraouropreto.com.br\/site\/wp-json\/wp\/v2\/posts"}],"about":[{"href":"https:\/\/www.orquestraouropreto.com.br\/site\/wp-json\/wp\/v2\/types\/post"}],"author":[{"embeddable":true,"href":"https:\/\/www.orquestraouropreto.com.br\/site\/wp-json\/wp\/v2\/users\/1"}],"replies":[{"embeddable":true,"href":"https:\/\/www.orquestraouropreto.com.br\/site\/wp-json\/wp\/v2\/comments?post=10032"}],"version-history":[{"count":1,"href":"https:\/\/www.orquestraouropreto.com.br\/site\/wp-json\/wp\/v2\/posts\/10032\/revisions"}],"predecessor-version":[{"id":10034,"href":"https:\/\/www.orquestraouropreto.com.br\/site\/wp-json\/wp\/v2\/posts\/10032\/revisions\/10034"}],"wp:featuredmedia":[{"embeddable":true,"href":"https:\/\/www.orquestraouropreto.com.br\/site\/wp-json\/wp\/v2\/media\/10033"}],"wp:attachment":[{"href":"https:\/\/www.orquestraouropreto.com.br\/site\/wp-json\/wp\/v2\/media?parent=10032"}],"wp:term":[{"taxonomy":"category","embeddable":true,"href":"https:\/\/www.orquestraouropreto.com.br\/site\/wp-json\/wp\/v2\/categories?post=10032"},{"taxonomy":"post_tag","embeddable":true,"href":"https:\/\/www.orquestraouropreto.com.br\/site\/wp-json\/wp\/v2\/tags?post=10032"}],"curies":[{"name":"wp","href":"https:\/\/api.w.org\/{rel}","templated":true}]}}