{"id":10039,"date":"2025-05-06T11:31:25","date_gmt":"2025-05-06T11:31:25","guid":{"rendered":"https:\/\/www.orquestraouropreto.com.br\/site\/?p=10039"},"modified":"2025-05-06T11:31:25","modified_gmt":"2025-05-06T11:31:25","slug":"alceu-em-ouro-preto","status":"publish","type":"post","link":"https:\/\/www.orquestraouropreto.com.br\/site\/alceu-em-ouro-preto\/","title":{"rendered":"Alceu em Ouro Preto"},"content":{"rendered":"<p style=\"text-align: center;\">24 de maio, na Pra\u00e7a Tiradentes<br \/>\n<!--more--><\/p>\n<h3 class=\"p1\" style=\"text-align: center;\"><b>Alceu Valen\u00e7a e Orquestra Ouro Preto em concerto gratuito em Ouro Preto<\/b><b><\/b><\/h3>\n<p class=\"p2\" style=\"text-align: center;\"><i>Apresenta\u00e7\u00e3o na Pra\u00e7a Tiradentes acontece dia 24 de maio e celebra os 25 anos da Orquestra<\/i><\/p>\n<p>&nbsp;<\/p>\n<p class=\"p4\">No dia 24 de maio, \u00e0s 21h, a Pra\u00e7a Tiradentes, em Ouro Preto (MG), ser\u00e1 palco de um dos encontros mais especiais da m\u00fasica brasileira. <b>Alceu Valen\u00e7a e a Orquestra Ouro Preto<\/b> realizam um concerto gratuito em uma noite que promete reunir p\u00fablicos de todas as idades para celebrar a cultura brasileira em um dos cen\u00e1rios mais emblem\u00e1ticos do pa\u00eds.<\/p>\n<p class=\"p4\">Com patroc\u00ednio do Instituto Cultural Vale, por meio da Lei Federal de Incentivo \u00e0 Cultura, e correaliza\u00e7\u00e3o da Prefeitura de Ouro Preto, o espet\u00e1culo revisita a obra de Alceu em arranjos sinf\u00f4nicos criados por Mateus Freire, dire\u00e7\u00e3o de cena de Paulo Rog\u00e9rio Lage e reg\u00eancia do maestro Rodrigo Toffolo. No repert\u00f3rio, sucessos como <i>\u201cAnuncia\u00e7\u00e3o\u201d<\/i>, <i>\u201cLa Belle de Jour\u201d<\/i>, <i>\u201cTropicana\u201d<\/i>, <i>\u201cGirassol\u201d<\/i> e <i>\u201cComo Dois Animais\u201d<\/i> ganham arranjos de Mateus Freire, combinando a for\u00e7a da m\u00fasica popular com as cores de uma das mais queridas orquestras do pa\u00eds.<\/p>\n<p class=\"p4\">\u201cEsse projeto \u00e9 uma forma de celebrar a trajet\u00f3ria da Orquestra e de homenagear um dos artistas mais importantes da nossa m\u00fasica. Alceu representa a pluralidade do Brasil, e sua obra n\u00e3o respeita r\u00f3tulos ou o tempo. Seu repert\u00f3rio, cada vez que ou\u00e7o, me parece ainda mais novo e potente\u201d, afirma Rodrigo Toffolo, regente titular e diretor art\u00edstico da Orquestra Ouro Preto.<\/p>\n<p class=\"p4\">Alceu Valen\u00e7a destaca a experi\u00eancia como uma redescoberta de sua pr\u00f3pria obra. \u201cA cada apresenta\u00e7\u00e3o com a Orquestra, minha m\u00fasica ganha novos contornos. \u00c9 uma experi\u00eancia rica, tanto para mim quanto para o p\u00fablico. Quando estou com a Orquestra \u00e9 como o nirvana para mim\u201d, diz o cantor.<\/p>\n<p class=\"p4\">A parceria entre o cantor pernambucano e a forma\u00e7\u00e3o mineira teve in\u00edcio em 2012, e desde ent\u00e3o tem conquistado plateias por onde passa. Com dois discos registrados \u2014 <i>Valencianas<\/i> (2014) e <i>Valencianas II<\/i> (2022) \u2014, o projeto une a for\u00e7a po\u00e9tica e popular da obra de Alceu com a criatividade dos arranjos sinf\u00f4nicos da Orquestra.<\/p>\n<p class=\"p4\">Em 2025, a parceria tamb\u00e9m ganhou os palcos da Europa, com uma turn\u00ea que passou por sete cidades \u2014 entre elas Lisboa, Paris, Utrecht e Berlim \u2014, com ingressos esgotados e cr\u00edticas entusiasmadas, confirmando a for\u00e7a dessa fus\u00e3o. \u201cO sucesso da turn\u00ea europeia mostra como essa uni\u00e3o \u00e9 capaz de atravessar fronteiras. \u00c9 um projeto que respeita a ess\u00eancia da m\u00fasica brasileira e, ao mesmo tempo, a reinventa com frescor e sofistica\u00e7\u00e3o\u201d, afirma Toffolo.<\/p>\n<p class=\"p4\">A apresenta\u00e7\u00e3o em Ouro Preto integra as comemora\u00e7\u00f5es dos 25 anos da Orquestra, que em 2025 realiza uma s\u00e9rie de a\u00e7\u00f5es e concertos especiais pelo Brasil e no exterior. O concerto tamb\u00e9m celebra os cinco anos do Instituto Cultural Vale, uma das principais institui\u00e7\u00f5es de fomento \u00e0 cultura no pa\u00eds.<\/p>\n<p class=\"p4\">\u201cPara o Instituto Cultural Vale, \u00e9 uma honra celebrar nossos cinco anos com um projeto que valoriza a m\u00fasica brasileira e promove o acesso \u00e0 cultura de forma democr\u00e1tica. Levar um espet\u00e1culo como esse a uma pra\u00e7a hist\u00f3rica como a Tiradentes \u00e9 uma forma concreta de conectar patrim\u00f4nio, arte e comunidade\u201d, afirma <i>Hugo Barreto<\/i>, diretor-presidente do Instituto Cultural Vale e tamb\u00e9m diretor de Sustentabilidade e Investimento Social da Vale.<\/p>\n<p class=\"p4\">Com entrada franca, o concerto deve atrair moradores da cidade, turistas e f\u00e3s da m\u00fasica de Alceu, refor\u00e7ando o papel da cultura como ponto de encontro e identidade.<\/p>\n<p>&nbsp;<\/p>\n<hr \/>\n<p><b>Servi\u00e7o<\/b><b><\/b><\/p>\n<p><b>Alceu Valen\u00e7a e Orquestra Ouro Preto<\/b><br \/>\n<b>Data:<\/b> 24 de maio de 2025 \u2013 s\u00e1bado<br \/>\n<b>Hor\u00e1rio:\u00a0<\/b>21h<br \/>\n<b>Local: <\/b>Pra\u00e7a Tiradentes, Ouro Preto, Minas Gerais<br \/>\n<b>Ingressos: <\/b>Evento gratuito em pra\u00e7a p\u00fablica<\/p>\n","protected":false},"excerpt":{"rendered":"<p>24 de maio, na Pra\u00e7a Tiradentes<\/p>\n","protected":false},"author":1,"featured_media":10040,"comment_status":"closed","ping_status":"closed","sticky":false,"template":"","format":"standard","meta":{"footnotes":""},"categories":[289,295],"tags":[],"class_list":{"0":"post-10039","1":"post","2":"type-post","3":"status-publish","4":"format-standard","5":"has-post-thumbnail","7":"category-eventos","8":"category-noticia"},"_links":{"self":[{"href":"https:\/\/www.orquestraouropreto.com.br\/site\/wp-json\/wp\/v2\/posts\/10039","targetHints":{"allow":["GET"]}}],"collection":[{"href":"https:\/\/www.orquestraouropreto.com.br\/site\/wp-json\/wp\/v2\/posts"}],"about":[{"href":"https:\/\/www.orquestraouropreto.com.br\/site\/wp-json\/wp\/v2\/types\/post"}],"author":[{"embeddable":true,"href":"https:\/\/www.orquestraouropreto.com.br\/site\/wp-json\/wp\/v2\/users\/1"}],"replies":[{"embeddable":true,"href":"https:\/\/www.orquestraouropreto.com.br\/site\/wp-json\/wp\/v2\/comments?post=10039"}],"version-history":[{"count":1,"href":"https:\/\/www.orquestraouropreto.com.br\/site\/wp-json\/wp\/v2\/posts\/10039\/revisions"}],"predecessor-version":[{"id":10041,"href":"https:\/\/www.orquestraouropreto.com.br\/site\/wp-json\/wp\/v2\/posts\/10039\/revisions\/10041"}],"wp:featuredmedia":[{"embeddable":true,"href":"https:\/\/www.orquestraouropreto.com.br\/site\/wp-json\/wp\/v2\/media\/10040"}],"wp:attachment":[{"href":"https:\/\/www.orquestraouropreto.com.br\/site\/wp-json\/wp\/v2\/media?parent=10039"}],"wp:term":[{"taxonomy":"category","embeddable":true,"href":"https:\/\/www.orquestraouropreto.com.br\/site\/wp-json\/wp\/v2\/categories?post=10039"},{"taxonomy":"post_tag","embeddable":true,"href":"https:\/\/www.orquestraouropreto.com.br\/site\/wp-json\/wp\/v2\/tags?post=10039"}],"curies":[{"name":"wp","href":"https:\/\/api.w.org\/{rel}","templated":true}]}}