{"id":10242,"date":"2025-08-25T17:56:47","date_gmt":"2025-08-25T17:56:47","guid":{"rendered":"https:\/\/www.orquestraouropreto.com.br\/site\/?p=10242"},"modified":"2025-08-25T17:56:47","modified_gmt":"2025-08-25T17:56:47","slug":"hilda-em-bh","status":"publish","type":"post","link":"https:\/\/www.orquestraouropreto.com.br\/site\/hilda-em-bh\/","title":{"rendered":"Hilda em BH"},"content":{"rendered":"<p style=\"text-align: center;\">18 e 19 de setembro, no Pal\u00e1cio das Artes<br \/>\n<!--more--><\/p>\n<h3 class=\"p1\" style=\"text-align: center;\"><b>\u201cHILDA FURAC\u00c3O, A \u00d3PERA\u201d RETORNA AO PAL\u00c1CIO DAS ARTES<\/b><\/h3>\n<p class=\"p2\" style=\"text-align: center;\"><i>Montagem da Orquestra Ouro Preto ser\u00e1 apresentada nos dias 18 e 19 de setembro, \u00e0s 20h, no Pal\u00e1cio das Artes<\/i><\/p>\n<p>&nbsp;<\/p>\n<p class=\"p4\">Uma das personagens mais ic\u00f4nicas da literatura e da teledramaturgia brasileiras ganhou vers\u00e3o oper\u00edstica com direito a turn\u00ea nacional, que j\u00e1 passou por S\u00e3o Paulo e, agora, desembarca em Belo Horizonte. <i>Hilda Furac\u00e3o, a \u00d3pera<\/i> circular\u00e1 ainda por Rio de Janeiro, Curitiba e Boa Vista. O projeto conta com o patroc\u00ednio da Petrobras, que h\u00e1 mais de 40 anos investe na cultura como for\u00e7a transformadora, apoiando iniciativas em todo o pa\u00eds que promovem a diversidade, valorizam a identidade nacional e ampliam o acesso \u00e0 produ\u00e7\u00e3o art\u00edstica brasileira.<\/p>\n<p><a href=\"https:\/\/www.eventim.com.br\/artist\/palacio-das-artes\/hilda-furacao-a-opera-3949124\/\" target=\"_blank\" rel=\"noopener\">Clique aqui para garantir os seus ingressos.<\/a><\/p>\n<p class=\"p4\">A Orquestra Ouro Preto leva aos palcos brasileiros <i>Hilda Furac\u00e3o, a \u00d3pera<\/i>, adapta\u00e7\u00e3o do aclamado romance de Roberto Drummond, ambientado em Belo Horizonte e imortalizado na c\u00e9lebre miniss\u00e9rie dos anos 1990. Com m\u00fasica original de Tim Rescala e dire\u00e7\u00e3o de cena de Julliano Mendes, a montagem \u00e9 regida pelo maestro Rodrigo Toffolo e vem emocionando plateias em todo o Brasil.<\/p>\n<p class=\"p4\">Com libreto em portugu\u00eas e dividida em dois atos, a \u00f3pera celebra a riqueza da cultura brasileira e mergulha nos dilemas \u00e9ticos, sociais e religiosos de uma \u00e9poca marcada por contradi\u00e7\u00f5es. A turn\u00ea nacional chega a Belo Horizonte nos dias 18 e 19 de setembro, \u00e0s 20h, no Pal\u00e1cio das Artes, ap\u00f3s o sucesso da temporada de estreia em 2024, quando as duas r\u00e9citas realizadas na cidade tiveram ingressos esgotados. Atendendo a muitos pedidos, a produ\u00e7\u00e3o retorna ao palco mineiro. Os ingressos j\u00e1 est\u00e3o \u00e0 venda no site da Eventim e na bilheteria do teatro.<\/p>\n<p class=\"p4\">A protagonista \u00e9 vivida pela mezzo-soprano Carla Rizzi, que retorna \u00e0 cena com a Orquestra ap\u00f3s sua atua\u00e7\u00e3o em <i>Auto da Compadecida, a \u00d3pera<\/i>. Ao seu lado, o tenor Jabez Lima interpreta Frei Malthus, trazendo ao palco a intensidade do conflito entre desejo e f\u00e9. Completam o elenco de solistas Mar\u00edlia Vargas (Lol\u00f3 Ventura), Marcelo Coutinho (Nelson Sarmento), Johnny Fran\u00e7a (Aramel) e Fernando Portari, que assume o papel de narrador e do pr\u00f3prio autor, Roberto Drummond. A montagem conta ainda com a participa\u00e7\u00e3o de um coro com 16 vozes, que contribui para a densidade dram\u00e1tica e musical da obra.<\/p>\n<p class=\"p4\">Nos bastidores, Luiz Abreu assina a dire\u00e7\u00e3o de arte; Paula Gascon, os figurinos; Ti\u00e7a Camargo, o visagismo; Carol Gomes, a cenografia; e Bruno Corr\u00eaa, a engenharia de som. A \u00e9poca em que a hist\u00f3ria se passa ganha vida com as cores e a ousadia da Orquestra Ouro Preto, que imprime sua identidade visual e c\u00eanica \u00e0 montagem. O resultado s\u00e3o cenas impactantes, cheias de surpresas, que ampliam o drama e a pot\u00eancia narrativa da \u00f3pera.<\/p>\n<p class=\"p4\">Na partitura original, Tim Rescala incorporou elementos do universo musical popular da \u00e9poca retratada no romance, como m\u00fasicas brasileiras, boleros e sucessos radiof\u00f4nicos, ao discurso oper\u00edstico tradicional, criando uma obra h\u00edbrida entre \u00f3pera e musical.<\/p>\n<p class=\"p4\">O romance do escritor mineiro conta a hist\u00f3ria de Hilda, uma jovem bela e rebelde que rompe com as expectativas ao abandonar sua vida de prest\u00edgio e refugiar-se na zona bo\u00eamia da capital mineira. Sua jornada se entrela\u00e7a com a de Frei Malthus, um jovem religioso determinado a transformar a vida dos habitantes da regi\u00e3o. Esse encontro desencadeia uma s\u00e9rie de conflitos \u00e9ticos e sociais, num confronto entre desejo e dever, liberdade e moralidade. Uma narrativa que encontra na \u00f3pera a linguagem perfeita para seu desenvolvimento dram\u00e1tico, somando-se ao pante\u00e3o de grandes hero\u00ednas do g\u00eanero, como Carmen e A\u00edda, e consolidando o caminho para a cria\u00e7\u00e3o de uma \u00f3pera nacional que dialoga com nossa hist\u00f3ria, cores e sons.<\/p>\n<p class=\"p4\">\u201cHilda tem todos os elementos para se tornar uma \u00f3pera: uma trama instigante e tr\u00e1gica, personagens fortes e uma grande carga emocional\u201d, afirma o compositor Tim Rescala. Para o maestro Rodrigo Toffolo, \u201cHilda \u00e9 uma protagonista perfeita para esse ciclo de \u00f3peras brasileiras que a Orquestra Ouro Preto vem desenvolvendo. \u00c9 uma personagem feminina forte, com reflex\u00f5es profundas sobre liberdade, destino e imposi\u00e7\u00f5es sociais.\u201d<\/p>\n<p class=\"p4\">Com esta produ\u00e7\u00e3o, a Orquestra reafirma seu compromisso com a cria\u00e7\u00e3o de um repert\u00f3rio oper\u00edstico brasileiro, acess\u00edvel, contempor\u00e2neo e enraizado na identidade cultural do pa\u00eds.<\/p>\n<p class=\"p4\"><b>Sobre a Petrobras<\/b><br \/>\nA Petrobras \u00e9 uma das principais empresas do pa\u00eds. Atua de forma integrada e especializada na ind\u00fastria de \u00f3leo, g\u00e1s natural e energia, tendo como compromisso o desenvolvimento sustent\u00e1vel e uma transi\u00e7\u00e3o energ\u00e9tica justa. A cultura \u00e9 tamb\u00e9m uma energia na qual a companhia investe, patrocinando h\u00e1 mais de 40 anos projetos que contribuem para a cultura brasileira e est\u00e3o presentes em todos os estados do Brasil.<\/p>\n<p>&nbsp;<\/p>\n<hr \/>\n<p class=\"p6\"><b>Servi\u00e7o<\/b><br \/>\n<b>Hilda Furac\u00e3o, a \u00d3pera<\/b><\/p>\n<p><b>Quando:<\/b> Dias 18 e 19 de setembro de 2025, \u00e0s 20h<br \/>\n<b>Onde:<\/b> Pal\u00e1cio das Artes (Av. Afonso Pena, 1537, Belo Horizonte\/MG)<br \/>\n<b>Ingressos:<\/b> \u00c0 venda na bilheteria do teatro e no site. <a href=\"https:\/\/www.eventim.com.br\/artist\/palacio-das-artes\/hilda-furacao-a-opera-3949124\/\" target=\"_blank\" rel=\"noopener\">Clique aqui para garantir os seus ingressos.<\/a><br \/>\n<b>Patroc\u00ednio:<\/b> Petrobras, por meio da Lei Federal de Incentivo \u00e0 Cultura, a Lei Rouanet<br \/>\n<b>Classifica\u00e7\u00e3o indicativa:<\/b> 12 anos<\/p>\n","protected":false},"excerpt":{"rendered":"<p>18 e 19 de setembro, no Pal\u00e1cio das Artes<\/p>\n","protected":false},"author":1,"featured_media":10243,"comment_status":"closed","ping_status":"closed","sticky":false,"template":"","format":"standard","meta":{"footnotes":""},"categories":[289,295],"tags":[],"class_list":{"0":"post-10242","1":"post","2":"type-post","3":"status-publish","4":"format-standard","5":"has-post-thumbnail","7":"category-eventos","8":"category-noticia"},"_links":{"self":[{"href":"https:\/\/www.orquestraouropreto.com.br\/site\/wp-json\/wp\/v2\/posts\/10242","targetHints":{"allow":["GET"]}}],"collection":[{"href":"https:\/\/www.orquestraouropreto.com.br\/site\/wp-json\/wp\/v2\/posts"}],"about":[{"href":"https:\/\/www.orquestraouropreto.com.br\/site\/wp-json\/wp\/v2\/types\/post"}],"author":[{"embeddable":true,"href":"https:\/\/www.orquestraouropreto.com.br\/site\/wp-json\/wp\/v2\/users\/1"}],"replies":[{"embeddable":true,"href":"https:\/\/www.orquestraouropreto.com.br\/site\/wp-json\/wp\/v2\/comments?post=10242"}],"version-history":[{"count":1,"href":"https:\/\/www.orquestraouropreto.com.br\/site\/wp-json\/wp\/v2\/posts\/10242\/revisions"}],"predecessor-version":[{"id":10244,"href":"https:\/\/www.orquestraouropreto.com.br\/site\/wp-json\/wp\/v2\/posts\/10242\/revisions\/10244"}],"wp:featuredmedia":[{"embeddable":true,"href":"https:\/\/www.orquestraouropreto.com.br\/site\/wp-json\/wp\/v2\/media\/10243"}],"wp:attachment":[{"href":"https:\/\/www.orquestraouropreto.com.br\/site\/wp-json\/wp\/v2\/media?parent=10242"}],"wp:term":[{"taxonomy":"category","embeddable":true,"href":"https:\/\/www.orquestraouropreto.com.br\/site\/wp-json\/wp\/v2\/categories?post=10242"},{"taxonomy":"post_tag","embeddable":true,"href":"https:\/\/www.orquestraouropreto.com.br\/site\/wp-json\/wp\/v2\/tags?post=10242"}],"curies":[{"name":"wp","href":"https:\/\/api.w.org\/{rel}","templated":true}]}}