{"id":10423,"date":"2025-12-05T11:19:32","date_gmt":"2025-12-05T11:19:32","guid":{"rendered":"https:\/\/www.orquestraouropreto.com.br\/site\/?p=10423"},"modified":"2025-12-05T11:19:32","modified_gmt":"2025-12-05T11:19:32","slug":"orquestra-em-mariana","status":"publish","type":"post","link":"https:\/\/www.orquestraouropreto.com.br\/site\/orquestra-em-mariana\/","title":{"rendered":"Orquestra em Mariana"},"content":{"rendered":"<p style=\"text-align: center;\">Dia 11 de dezembro, na S\u00e9 de Mariana<br \/>\n<!--more--><\/p>\n<h3 class=\"p1\" style=\"text-align: center;\"><b>ORQUESTRA OURO PRETO CELEBRA o RETORNO DE \u00d3RG\u00c3O HIST\u00d3RICO EM MARIANA<\/b><\/h3>\n<p class=\"p2\" style=\"text-align: center;\"><i>Apresenta\u00e7\u00e3o ser\u00e1 realizada no dia 11 de dezembro, \u00e0s 20h, e celebra o retorno de instrumento \u00fanico nas Am\u00e9ricas, ap\u00f3s nove anos em processo de restaura\u00e7\u00e3o<\/i><\/p>\n<p>&nbsp;<\/p>\n<p class=\"p3\">A Orquestra Ouro Preto \u00e9 a convidada para uma grande celebra\u00e7\u00e3o em Mariana, reconhecida como ber\u00e7o da f\u00e9 e da m\u00fasica em Minas Gerais. A cidade est\u00e1 em clima de festa com o <b>retorno do \u00f3rg\u00e3o hist\u00f3rico Arp Schnitger<\/b> <b>(1648\u20131719) <\/b>\u00e0 sua fun\u00e7\u00e3o original na <b>Catedral Bas\u00edlica Nossa Senhora da Assun\u00e7\u00e3o<\/b>. O instrumento, \u00fanico exemplar da oficina de Schnitger fora da Europa, passou por um minucioso processo de restaura\u00e7\u00e3o realizado na Espanha e agora est\u00e1 sendo oficialmente entregue de volta \u00e0 comunidade.<\/p>\n<p class=\"p3\">Para celebrar este marco, a <b>Orquestra Ouro Preto<\/b>, sob reg\u00eancia do maestro <b>Rodrigo Toffolo<\/b>, realiza no dia <b>11 de dezembro, \u00e0s 20h, <\/b>um concerto especialmente concebido para exaltar a sonoridade do \u00f3rg\u00e3o restaurado. A organista <b>Josein\u00e9ia Godinho<\/b> ser\u00e1 respons\u00e1vel por conduzir o instrumento hist\u00f3rico ao p\u00fablico presente.<\/p>\n<p class=\"p3\">Constru\u00eddo no in\u00edcio do s\u00e9culo XVIII e doado pela Coroa Portuguesa \u00e0 rec\u00e9m-criada Diocese de Mariana, o \u00f3rg\u00e3o tem sido presen\u00e7a fundamental em celebra\u00e7\u00f5es religiosas, lit\u00fargicas e art\u00edsticas. S\u00edmbolo da conflu\u00eancia entre f\u00e9, arte e patrim\u00f4nio, ele representa um elo raro entre a tradi\u00e7\u00e3o da m\u00fasica barroca europeia e o desenvolvimento da cultura brasileira. Parado desde 2016, quando a Catedral entrou em processo de restaura\u00e7\u00e3o, o instrumento rompe agora um sil\u00eancio de nove anos e volta a ressoar a mem\u00f3ria religiosa, hist\u00f3rica e sonora do pa\u00eds.<\/p>\n<p class=\"p4\">O programa, escolhido para destacar o esplendor musical do \u00f3rg\u00e3o e sua integra\u00e7\u00e3o com o conjunto orquestral, inclui obras de grandes mestres do barroco europeu, como <b>Georg Friedrich Haendel e Dietrich Buxtehude. <\/b>Encerrando a noite, a Orquestra apresenta ainda um bloco especial de can\u00e7\u00f5es natalinas com arranjos de <b>Mateus Freire<\/b>, celebrando tamb\u00e9m o esp\u00edrito das festividades de fim de ano.<\/p>\n<p>&nbsp;<\/p>\n<hr \/>\n<p><b>Servi\u00e7o<\/b><br \/>\n<b>Retorno do \u00d3rg\u00e3o Art Schnitger com a Orquestra Ouro Preto<\/b><b><\/b><\/p>\n<p><b>Quando: <\/b>11 de dezembro, \u00e0s 20h<br \/>\n<b>Onde: <\/b>Catedral Bas\u00edlica Nossa Senhora da Assun\u00e7\u00e3o<br \/>\n<span class=\"s1\">Pra\u00e7a Cl\u00e1udio Manoel, Centro, Mariana<\/span><\/p>\n","protected":false},"excerpt":{"rendered":"<p>Dia 11 de dezembro, na S\u00e9 de Mariana<\/p>\n","protected":false},"author":1,"featured_media":10424,"comment_status":"closed","ping_status":"closed","sticky":false,"template":"","format":"standard","meta":{"footnotes":""},"categories":[289,295],"tags":[],"class_list":{"0":"post-10423","1":"post","2":"type-post","3":"status-publish","4":"format-standard","5":"has-post-thumbnail","7":"category-eventos","8":"category-noticia"},"_links":{"self":[{"href":"https:\/\/www.orquestraouropreto.com.br\/site\/wp-json\/wp\/v2\/posts\/10423","targetHints":{"allow":["GET"]}}],"collection":[{"href":"https:\/\/www.orquestraouropreto.com.br\/site\/wp-json\/wp\/v2\/posts"}],"about":[{"href":"https:\/\/www.orquestraouropreto.com.br\/site\/wp-json\/wp\/v2\/types\/post"}],"author":[{"embeddable":true,"href":"https:\/\/www.orquestraouropreto.com.br\/site\/wp-json\/wp\/v2\/users\/1"}],"replies":[{"embeddable":true,"href":"https:\/\/www.orquestraouropreto.com.br\/site\/wp-json\/wp\/v2\/comments?post=10423"}],"version-history":[{"count":1,"href":"https:\/\/www.orquestraouropreto.com.br\/site\/wp-json\/wp\/v2\/posts\/10423\/revisions"}],"predecessor-version":[{"id":10425,"href":"https:\/\/www.orquestraouropreto.com.br\/site\/wp-json\/wp\/v2\/posts\/10423\/revisions\/10425"}],"wp:featuredmedia":[{"embeddable":true,"href":"https:\/\/www.orquestraouropreto.com.br\/site\/wp-json\/wp\/v2\/media\/10424"}],"wp:attachment":[{"href":"https:\/\/www.orquestraouropreto.com.br\/site\/wp-json\/wp\/v2\/media?parent=10423"}],"wp:term":[{"taxonomy":"category","embeddable":true,"href":"https:\/\/www.orquestraouropreto.com.br\/site\/wp-json\/wp\/v2\/categories?post=10423"},{"taxonomy":"post_tag","embeddable":true,"href":"https:\/\/www.orquestraouropreto.com.br\/site\/wp-json\/wp\/v2\/tags?post=10423"}],"curies":[{"name":"wp","href":"https:\/\/api.w.org\/{rel}","templated":true}]}}