{"id":6479,"date":"2019-06-11T21:40:47","date_gmt":"2019-06-11T21:40:47","guid":{"rendered":"https:\/\/www.orquestraouropreto.com.br\/site\/?p=6479"},"modified":"2019-06-11T22:09:57","modified_gmt":"2019-06-11T22:09:57","slug":"suite-masai-em-ouro-preto","status":"publish","type":"post","link":"https:\/\/www.orquestraouropreto.com.br\/site\/suite-masai-em-ouro-preto\/","title":{"rendered":"SU\u00cdTE MASAI EM OURO PRETO"},"content":{"rendered":"<p style=\"text-align: center;\">LAN\u00c7AMENTO DE CD<!--more--><\/p>\n<div class=\"\" data-block=\"true\" data-editor=\"bp1u5\" data-offset-key=\"1b40j-0-0\">\n<div class=\"_1mf _1mj\" data-offset-key=\"1b40j-0-0\"><span data-offset-key=\"1b40j-0-0\">Com reg\u00eancia do Maestro Rodrigo Toffolo, o rapper Fl\u00e1vio Renegado e a Orquestra Ouro Preto lan\u00e7am o \u00e1lbum Su\u00edte Masai, em um grande show na Pra\u00e7a Tiradentes, em Ouro Preto, no pr\u00f3ximo dia 21 de junho, sexta-feira. O espet\u00e1culo \u00e9 gratuito, e incentivado atrav\u00e9s da Lei Federal de Incentivo \u00e0 Cultura.<\/span><span data-offset-key=\"1b40j-0-0\">\u00a0<\/span><\/div>\n<\/div>\n<div class=\"\" data-block=\"true\" data-editor=\"bp1u5\" data-offset-key=\"a8oua-0-0\">\n<div class=\"_1mf _1mj\" data-offset-key=\"a8oua-0-0\"><span data-offset-key=\"a8oua-0-0\">\u00a0<\/span><\/div>\n<\/div>\n<div class=\"\" data-block=\"true\" data-editor=\"bp1u5\" data-offset-key=\"3u0bv-0-0\">\n<div class=\"_1mf _1mj\" data-offset-key=\"3u0bv-0-0\"><span data-offset-key=\"3u0bv-0-0\">O espet\u00e1culo que uniu o rap \u00e0 m\u00fasica cl\u00e1ssica, promove uma quebra de fronteiras, aproximando o mano do rap ao maestro da m\u00fasica de concerto marca um novo per\u00edodo de sucesso de Fl\u00e1vio Renegado e da Orquestra Ouro Preto. <\/span><\/div>\n<\/div>\n<div class=\"\" data-block=\"true\" data-editor=\"bp1u5\" data-offset-key=\"924du-0-0\">\n<div class=\"_1mf _1mj\" data-offset-key=\"924du-0-0\"><span data-offset-key=\"924du-0-0\">\u00a0<\/span><\/div>\n<\/div>\n<div class=\"\" data-block=\"true\" data-editor=\"bp1u5\" data-offset-key=\"d43ag-0-0\">\n<div class=\"_1mf _1mj\" data-offset-key=\"d43ag-0-0\"><span data-offset-key=\"d43ag-0-0\">Com arranjos rebuscados assinados pelo Maestro Marcelo Ramos, al\u00e9m da for\u00e7a das letras e da voz de Fl\u00e1vio Renegado, bem como dos acordes da Orquestra Ouro Preto, o espet\u00e1culo prop\u00f5e um retrato do cotidiano inspirado nas ra\u00edzes africanas brasileiras.\u00a0<\/span><\/div>\n<\/div>\n<div data-offset-key=\"d43ag-0-0\"><\/div>\n<div data-offset-key=\"d43ag-0-0\">Distribu\u00eddo pela Tratore, o \u00e1lbum encontra-se dispon\u00edvel nos mais importantes sites de streaming e no youtube.<\/div>\n","protected":false},"excerpt":{"rendered":"<p>LAN\u00c7AMENTO DE CD<\/p>\n","protected":false},"author":1,"featured_media":6494,"comment_status":"open","ping_status":"open","sticky":false,"template":"","format":"standard","meta":{"footnotes":""},"categories":[295],"tags":[],"class_list":{"0":"post-6479","1":"post","2":"type-post","3":"status-publish","4":"format-standard","5":"has-post-thumbnail","7":"category-noticia"},"_links":{"self":[{"href":"https:\/\/www.orquestraouropreto.com.br\/site\/wp-json\/wp\/v2\/posts\/6479","targetHints":{"allow":["GET"]}}],"collection":[{"href":"https:\/\/www.orquestraouropreto.com.br\/site\/wp-json\/wp\/v2\/posts"}],"about":[{"href":"https:\/\/www.orquestraouropreto.com.br\/site\/wp-json\/wp\/v2\/types\/post"}],"author":[{"embeddable":true,"href":"https:\/\/www.orquestraouropreto.com.br\/site\/wp-json\/wp\/v2\/users\/1"}],"replies":[{"embeddable":true,"href":"https:\/\/www.orquestraouropreto.com.br\/site\/wp-json\/wp\/v2\/comments?post=6479"}],"version-history":[{"count":2,"href":"https:\/\/www.orquestraouropreto.com.br\/site\/wp-json\/wp\/v2\/posts\/6479\/revisions"}],"predecessor-version":[{"id":6486,"href":"https:\/\/www.orquestraouropreto.com.br\/site\/wp-json\/wp\/v2\/posts\/6479\/revisions\/6486"}],"wp:featuredmedia":[{"embeddable":true,"href":"https:\/\/www.orquestraouropreto.com.br\/site\/wp-json\/wp\/v2\/media\/6494"}],"wp:attachment":[{"href":"https:\/\/www.orquestraouropreto.com.br\/site\/wp-json\/wp\/v2\/media?parent=6479"}],"wp:term":[{"taxonomy":"category","embeddable":true,"href":"https:\/\/www.orquestraouropreto.com.br\/site\/wp-json\/wp\/v2\/categories?post=6479"},{"taxonomy":"post_tag","embeddable":true,"href":"https:\/\/www.orquestraouropreto.com.br\/site\/wp-json\/wp\/v2\/tags?post=6479"}],"curies":[{"name":"wp","href":"https:\/\/api.w.org\/{rel}","templated":true}]}}