{"id":6482,"date":"2019-06-11T21:49:50","date_gmt":"2019-06-11T21:49:50","guid":{"rendered":"https:\/\/www.orquestraouropreto.com.br\/site\/?p=6482"},"modified":"2019-06-11T22:08:03","modified_gmt":"2019-06-11T22:08:03","slug":"suite-masai-em-bh","status":"publish","type":"post","link":"https:\/\/www.orquestraouropreto.com.br\/site\/suite-masai-em-bh\/","title":{"rendered":"SU\u00cdTE MASAI EM BH"},"content":{"rendered":"<p style=\"text-align: center;\">LAN\u00c7AMENTO DE CD<!--more--><\/p>\n<div class=\"\" data-block=\"true\" data-editor=\"2glsf\" data-offset-key=\"devs5-0-0\">\n<div class=\"_1mf _1mj\" data-offset-key=\"devs5-0-0\"><span data-offset-key=\"devs5-0-0\">Com reg\u00eancia do Maestro Rodrigo Toffolo, o rapper Fl\u00e1vio Renegado e a Orquestra Ouro Preto lan\u00e7am o \u00e1lbum Su\u00edte Masai, em um grande show na Pra\u00e7a Tiradentes, em Ouro Preto, no pr\u00f3ximo dia 26 de junho, quarta-feira. <\/span><\/div>\n<div class=\"_1mf _1mj\" data-offset-key=\"devs5-0-0\"><span data-offset-key=\"devs5-0-0\">Os ingressos podem ser adquiridos no valor de R$25,00 (inteira), na bilhteria do Sesc Palladium e pelo ingressorapido.com.br. <a href=\"https:\/\/www.ingressorapido.com.br\/event\/31594-1\/d\/61456\">Clique aqui<\/a> e adquira seu ingresso.<\/span><\/div>\n<\/div>\n<div class=\"\" data-block=\"true\" data-editor=\"2glsf\" data-offset-key=\"ev1bj-0-0\">\n<div class=\"_1mf _1mj\" data-offset-key=\"ev1bj-0-0\"><span data-offset-key=\"ev1bj-0-0\">\u00a0<\/span><\/div>\n<\/div>\n<div class=\"\" data-block=\"true\" data-editor=\"2glsf\" data-offset-key=\"2mbd0-0-0\">\n<div class=\"_1mf _1mj\" data-offset-key=\"2mbd0-0-0\"><span data-offset-key=\"2mbd0-0-0\">O espet\u00e1culo que uniu dois universos distintos, quebrando fronteiras e aproximando o mano do rap ao maestro da m\u00fasica de concerto marca um novo per\u00edodo de sucesso de Fl\u00e1vio Renegado e da Orquestra Ouro Preto. <\/span><\/div>\n<\/div>\n<div class=\"\" data-block=\"true\" data-editor=\"2glsf\" data-offset-key=\"6uca7-0-0\">\n<div class=\"_1mf _1mj\" data-offset-key=\"6uca7-0-0\"><span data-offset-key=\"6uca7-0-0\">\u00a0<\/span><\/div>\n<\/div>\n<div class=\"\" data-block=\"true\" data-editor=\"2glsf\" data-offset-key=\"2a2g8-0-0\">\n<div class=\"_1mf _1mj\" data-offset-key=\"2a2g8-0-0\"><span data-offset-key=\"2a2g8-0-0\">Com arranjos rebuscados assinados pelo maestro Marcelo Ramos, al\u00e9m da for\u00e7a das letras e da voz de Fl\u00e1vio Renegado, bem como dos acordes da Orquestra Ouro Preto, o espet\u00e1culo prop\u00f5e um retrato do cotidiano inspirado nas ra\u00edzes africanas brasileiras.<\/span><\/div>\n<\/div>\n<p>&nbsp;<\/p>\n<p>&nbsp;<\/p>\n","protected":false},"excerpt":{"rendered":"<p>LAN\u00c7AMENTO DE CD<\/p>\n","protected":false},"author":1,"featured_media":6492,"comment_status":"open","ping_status":"open","sticky":false,"template":"","format":"standard","meta":{"footnotes":""},"categories":[295],"tags":[],"class_list":{"0":"post-6482","1":"post","2":"type-post","3":"status-publish","4":"format-standard","5":"has-post-thumbnail","7":"category-noticia"},"_links":{"self":[{"href":"https:\/\/www.orquestraouropreto.com.br\/site\/wp-json\/wp\/v2\/posts\/6482","targetHints":{"allow":["GET"]}}],"collection":[{"href":"https:\/\/www.orquestraouropreto.com.br\/site\/wp-json\/wp\/v2\/posts"}],"about":[{"href":"https:\/\/www.orquestraouropreto.com.br\/site\/wp-json\/wp\/v2\/types\/post"}],"author":[{"embeddable":true,"href":"https:\/\/www.orquestraouropreto.com.br\/site\/wp-json\/wp\/v2\/users\/1"}],"replies":[{"embeddable":true,"href":"https:\/\/www.orquestraouropreto.com.br\/site\/wp-json\/wp\/v2\/comments?post=6482"}],"version-history":[{"count":1,"href":"https:\/\/www.orquestraouropreto.com.br\/site\/wp-json\/wp\/v2\/posts\/6482\/revisions"}],"predecessor-version":[{"id":6484,"href":"https:\/\/www.orquestraouropreto.com.br\/site\/wp-json\/wp\/v2\/posts\/6482\/revisions\/6484"}],"wp:featuredmedia":[{"embeddable":true,"href":"https:\/\/www.orquestraouropreto.com.br\/site\/wp-json\/wp\/v2\/media\/6492"}],"wp:attachment":[{"href":"https:\/\/www.orquestraouropreto.com.br\/site\/wp-json\/wp\/v2\/media?parent=6482"}],"wp:term":[{"taxonomy":"category","embeddable":true,"href":"https:\/\/www.orquestraouropreto.com.br\/site\/wp-json\/wp\/v2\/categories?post=6482"},{"taxonomy":"post_tag","embeddable":true,"href":"https:\/\/www.orquestraouropreto.com.br\/site\/wp-json\/wp\/v2\/tags?post=6482"}],"curies":[{"name":"wp","href":"https:\/\/api.w.org\/{rel}","templated":true}]}}