{"id":8670,"date":"2022-08-05T20:00:38","date_gmt":"2022-08-05T20:00:38","guid":{"rendered":"https:\/\/www.orquestraouropreto.com.br\/site\/?p=8670"},"modified":"2022-08-05T20:00:38","modified_gmt":"2022-08-05T20:00:38","slug":"oop-e-anavitoria-no-rio","status":"publish","type":"post","link":"https:\/\/www.orquestraouropreto.com.br\/site\/oop-e-anavitoria-no-rio\/","title":{"rendered":"OOP e Anavit\u00f3ria no Rio!"},"content":{"rendered":"<p style=\"text-align: center;\">Dia 20\/08, \u00e0s 21h, na Cidade das Artes<br \/>\n<!--more--><\/p>\n<p>&nbsp;<\/p>\n<h3 style=\"text-align: center;\"><strong>ANAVIT\u00d3RIA E ORQUESTRA OURO PRETO <\/strong><strong>T\u00caM ENCONTRO IN\u00c9DITO NO RIO<\/strong><\/h3>\n<p style=\"text-align: center;\"><em>Concerto, que integra o projeto SulAm\u00e9rica Sessions, ter\u00e1 \u00fanica apresenta\u00e7\u00e3o no dia 20 de agosto, na Cidade das Artes, \u00e0s 21h; ingressos j\u00e1 est\u00e3o \u00e0 venda<\/em><\/p>\n<p><em>\u00a0<\/em><\/p>\n<p>A dupla Anavit\u00f3ria est\u00e1 de volta ao Rio de Janeiro e em boa companhia. Desta vez, Ana Caetano e Vit\u00f3ria Falc\u00e3o se unem \u00e0 excel\u00eancia e versatilidade da Orquestra Ouro Preto para a grava\u00e7\u00e3o do SulAm\u00e9rica Sessions 2022. A apresenta\u00e7\u00e3o, que celebra toda a beleza do trabalho das artistas atrav\u00e9s da m\u00fasica de concerto, acontece no palco da Cidade das Artes, no dia 20 de agosto, \u00e0s 21h. Os ingressos est\u00e3o \u00e0 venda no Sympla.<\/p>\n<p><a href=\"https:\/\/bileto.sympla.com.br\/event\/75726\/d\/153422\" target=\"_blank\" rel=\"noopener\">Clique aqui para garantir os seus.<\/a><\/p>\n<p>Nomes influentes da nova gera\u00e7\u00e3o da m\u00fasica popular brasileira, com refer\u00eancias que passeiam pelo pop at\u00e9 o folk, a dupla conquistou o p\u00fablico e a cr\u00edtica com a delicadeza de suas vozes e composi\u00e7\u00f5es, al\u00e9m de acumular, em poucos anos de carreira, diversos pr\u00eamios e milhares de visualiza\u00e7\u00f5es em todas as plataformas digitais.<\/p>\n<p>Somando agora a essa trajet\u00f3ria, um encontro in\u00e9dito com a m\u00fasica de concerto, emprestando a can\u00e7\u00f5es que arrastam multid\u00f5es a musicalidade da Orquestra Ouro Preto sob a reg\u00eancia do maestro Rodrigo Toffolo. Um repert\u00f3rio escolhido para encantar os f\u00e3s e, ao mesmo tempo, surpreender o p\u00fablico.<\/p>\n<p>No setlist, sucessos como \u201cSingular\u201d, \u201cTrevo (Tu)\u201d, \u201cAmarelo, Azul e Branco\u201d, \u201cExplodir\u201d e muitos outros. A escolha das m\u00fasicas partiu de uma curiosidade das duas artistas em descobrir como tais can\u00e7\u00f5es soariam com orquestra, j\u00e1 que pareciam sob medida para ganhar novas cores e possibilidades no encontro com os arranjos assinados por Paulo Malheiros.<\/p>\n<p>\u201cSer\u00e1 uma grande alegria esse encontro com as Anavit\u00f3ria. \u00c9 sempre bom estar ao lado da nova gera\u00e7\u00e3o, cumprindo a nossa miss\u00e3o de democratizar o acesso \u00e0 arte. Quem estiver conosco no concerto com certeza ir\u00e1 se surpreender com a pot\u00eancia dessa uni\u00e3o e possivelmente sair\u00e1 com o desejo de conhecer ainda mais sobre a m\u00fasica orquestral\u201d, garante Toffolo.<\/p>\n<p>Ser\u00e1 o primeiro show que a dupla \u00e9 acompanhada por uma orquestra. \u201cSabemos que vai ser bonito demais, estamos muito felizes e empolgadas pra esse momento\u201d, declaram em un\u00edssono. \u201cSempre que tivermos a oportunidade de ver nossas m\u00fasicas de maneiras diferentes e trabalharmos com pessoas que admiramos, por certo vamos escolher fazer. \u00c9 um sonho. Estamos curiosas para subir ao palco e ver esse encontro acontecendo. \u201cSelva\u201d, por exemplo, que \u00e9 uma m\u00fasica do Cor (disco mais recente), n\u00f3s nunca cantamos ao vivo, e faz\u00ea-la assim, grandiosa, vai ser bonito demais\u201d.<\/p>\n<p>Criado em 2021, o Orquestra Ouro Preto SulAm\u00e9rica Sessions inicia sua temporada 2022 de forma presencial. \u00c9 a primeira vez que as grava\u00e7\u00f5es dos encontros entre grandes nomes da m\u00fasica brasileira e o conjunto orquestral mineiro se dar\u00e1 com a presen\u00e7a do p\u00fablico, o que promete tornar essa uni\u00e3o nos palcos com Anavit\u00f3ria ainda mais emocionante.<\/p>\n<p>Patrocinado pela SulAm\u00e9rica, o projeto foi criado durante o per\u00edodo de pandemia e se tornou um sucesso de visualiza\u00e7\u00f5es, somando mais de 6 milh\u00f5es de telespectadores entre canais de televis\u00e3o e YouTube. Em 2021, o programa recebeu mensalmente artistas convidados que se destacam no cen\u00e1rio da m\u00fasica brasileira. Nas \u201csessions\u201d, j\u00e1 se apresentaram Fernanda Takai, Diogo Nogueira, Ana Carolina, Alceu Valen\u00e7a e Lulu Santos.<\/p>\n<p>\u201cA SulAm\u00e9rica tem muito orgulho de fomentar a arte e a cultura no pa\u00eds por meio de projetos maravilhosos como a Orquestra Ouro Preto\u201d, afirma Simone Cesena, diretora de Marketing da empresa. \u201cN\u00f3s acreditamos que a m\u00fasica tem o poder de transformar a vida das pessoas e nos trazer bem-estar. Incentivar a cultura brasileira por meio dos alunos apoiados pelo projeto e ainda estar ao lado de profissionais incr\u00edveis que fazem o espet\u00e1culo acontecer tem um significado muito importante para todo o time SulAm\u00e9rica. Estamos aqui para melhorar a vida das pessoas e a\u00e7\u00f5es como esta tornam real este prop\u00f3sito\u201d, completa.<\/p>\n<p>&nbsp;<\/p>\n<hr \/>\n<p><strong>SERVI\u00c7O<\/strong><\/p>\n<p><strong>Anavit\u00f3ria e Orquestra Ouro Preto &#8211; SulAm\u00e9rica Sessions 2022<\/strong><\/p>\n<p><strong>Data:\u00a0<\/strong>20 de agosto de 2022<br \/>\n<strong>Hor\u00e1rio: <\/strong>21 horas<br \/>\n<strong>Local: <\/strong>Cidade das Artes Bibi Ferreira (Rio de Janeiro)<br \/>\n<strong>Classifica\u00e7\u00e3o:\u00a0<\/strong>Livre<br \/>\n<strong>Ingressos:<\/strong> <a href=\"https:\/\/bileto.sympla.com.br\/event\/75726\/d\/153422\" target=\"_blank\" rel=\"noopener\">Clique aqui para garantir os seus.<\/a><\/p>\n","protected":false},"excerpt":{"rendered":"<p>Dia 20\/08, \u00e0s 21h, na Cidade das Artes<\/p>\n","protected":false},"author":1,"featured_media":8671,"comment_status":"closed","ping_status":"closed","sticky":false,"template":"","format":"standard","meta":{"footnotes":""},"categories":[289,295],"tags":[],"class_list":{"0":"post-8670","1":"post","2":"type-post","3":"status-publish","4":"format-standard","5":"has-post-thumbnail","7":"category-eventos","8":"category-noticia"},"_links":{"self":[{"href":"https:\/\/www.orquestraouropreto.com.br\/site\/wp-json\/wp\/v2\/posts\/8670","targetHints":{"allow":["GET"]}}],"collection":[{"href":"https:\/\/www.orquestraouropreto.com.br\/site\/wp-json\/wp\/v2\/posts"}],"about":[{"href":"https:\/\/www.orquestraouropreto.com.br\/site\/wp-json\/wp\/v2\/types\/post"}],"author":[{"embeddable":true,"href":"https:\/\/www.orquestraouropreto.com.br\/site\/wp-json\/wp\/v2\/users\/1"}],"replies":[{"embeddable":true,"href":"https:\/\/www.orquestraouropreto.com.br\/site\/wp-json\/wp\/v2\/comments?post=8670"}],"version-history":[{"count":1,"href":"https:\/\/www.orquestraouropreto.com.br\/site\/wp-json\/wp\/v2\/posts\/8670\/revisions"}],"predecessor-version":[{"id":8672,"href":"https:\/\/www.orquestraouropreto.com.br\/site\/wp-json\/wp\/v2\/posts\/8670\/revisions\/8672"}],"wp:featuredmedia":[{"embeddable":true,"href":"https:\/\/www.orquestraouropreto.com.br\/site\/wp-json\/wp\/v2\/media\/8671"}],"wp:attachment":[{"href":"https:\/\/www.orquestraouropreto.com.br\/site\/wp-json\/wp\/v2\/media?parent=8670"}],"wp:term":[{"taxonomy":"category","embeddable":true,"href":"https:\/\/www.orquestraouropreto.com.br\/site\/wp-json\/wp\/v2\/categories?post=8670"},{"taxonomy":"post_tag","embeddable":true,"href":"https:\/\/www.orquestraouropreto.com.br\/site\/wp-json\/wp\/v2\/tags?post=8670"}],"curies":[{"name":"wp","href":"https:\/\/api.w.org\/{rel}","templated":true}]}}