{"id":8894,"date":"2023-07-20T19:03:37","date_gmt":"2023-07-20T19:03:37","guid":{"rendered":"https:\/\/www.orquestraouropreto.com.br\/site\/?p=8894"},"modified":"2023-08-18T10:16:57","modified_gmt":"2023-08-18T10:16:57","slug":"turne-valencianas-2023","status":"publish","type":"post","link":"https:\/\/www.orquestraouropreto.com.br\/site\/turne-valencianas-2023\/","title":{"rendered":"Turn\u00ea Valencianas 2023"},"content":{"rendered":"<p style=\"text-align: center;\">Descubra aqui as pr\u00f3ximas datas!<br \/>\n<!--more--><\/p>\n<h3 style=\"text-align: center;\"><strong>Alceu Valen\u00e7a e Orquestra Ouro Preto anunciam turn\u00ea \u201cValencianas\u201d<\/strong><\/h3>\n<p style=\"text-align: center;\"><strong><em>\u00a0<\/em><\/strong><em>Parceria sucesso de p\u00fablico e cr\u00edtica no Brasil e no exterior, ir\u00e1 circular o pa\u00eds<\/em><\/p>\n<p><em>\u00a0<\/em><\/p>\n<p><em>\u00a0<\/em>A bem-sucedida parceria entre a <a href=\"http:\/\/www.orquestraouropreto.com.br\"><strong>Orquestra Ouro Preto<\/strong><\/a>, o cantor e compositor <strong>Alceu Valen\u00e7a<\/strong> e o diretor de cena <strong>Paulo Rog\u00e9rio Lage<\/strong>, que deu origem a \u201cValencianas II\u201d, agora poder\u00e1 ser vista ao vivo pelo p\u00fablico de v\u00e1rias cidades do Brasil. O concerto, que traz novas m\u00fasicas, arranjos surpreendentes e sucessos do artista pernambucano, ir\u00e1 circular o pa\u00eds em turn\u00ea que prev\u00ea apresenta\u00e7\u00f5es em Salvador, Bras\u00edlia, Trancoso, Belo Horizonte, Jo\u00e3o Pessoa, Olinda, Rio de Janeiro e Vit\u00f3ria.<\/p>\n<p><a href=\"https:\/\/linktr.ee\/orqouropreto\" target=\"_blank\" rel=\"noopener\">Clique aqui para garantir os seus ingressos!<\/a><\/p>\n<p>O segundo cap\u00edtulo do projeto teve seu in\u00edcio com a grava\u00e7\u00e3o do \u00e1lbum em 2020, na Casa da M\u00fasica, em Portugal e, na sequ\u00eancia, a turn\u00ea t\u00e3o esperada por todos teve que ser interrompida com a chagada da Covid 19. Passados tr\u00eas anos do registro ao vivo, na cidade do Porto, e ap\u00f3s duas apresenta\u00e7\u00f5es em 2022, que reuniram aproximadamente 100 mil pessoas nas cidades de S\u00e3o Paulo e Rio de Janeiro, o projeto vai ao encontro do p\u00fablico em 2023, por diversas cidades brasileiras.<\/p>\n<p>A segunda edi\u00e7\u00e3o de \u201cValencianas\u201d apresenta novas obras no repert\u00f3rio e surpreende os f\u00e3s da poesia de Alceu, com ainda mais beleza e sonoridades musicais. Outras facetas desse m\u00faltiplo artista s\u00e3o evidenciadas, sempre permeadas por grandes cl\u00e1ssicos da m\u00fasica popular brasileira com sua assinatura.<\/p>\n<p>O concerto apresenta can\u00e7\u00f5es que evocam a versatilidade do cantautor, num roteiro que vai da bossa ao fado, passeando com alegria pela hist\u00f3ria do artista, embaladas pela excel\u00eancia e versatilidade da forma\u00e7\u00e3o mineira. No repert\u00f3rio novo, os in\u00fameros sucessos que ficaram de fora do primeiro espet\u00e1culo deixaram margem para que fosse \u00e1rdua a tarefa de selecionar as can\u00e7\u00f5es que fariam parte desta segunda edi\u00e7\u00e3o. Entre elas, \u201cComo Dois Animais\u201d, \u201cDia Branco\u201d, \u201cSolid\u00e3o\u201d \u201cTesoura do Desejo\u201d, \u201cTaxi Lunar\u201d e \u201cPelas Ruas que Andei\u201d. Escolhidas a dedo por Alceu, essas obras se juntam a cl\u00e1ssicos como La Belle de Jour, Anuncia\u00e7\u00e3o, Tropicana, Girassol e prometem emocionar o p\u00fablico, em arranjos especialmente confeccionados por Mateus Freire, que tamb\u00e9m prop\u00f5e uma nova Su\u00edte Orquestral para abertura do concerto.<\/p>\n<p>O Maestro Rodrigo Toffolo lembra que esse encontro especial entre a m\u00fasica de concerto e a m\u00fasica popular brasileira surpreendeu n\u00e3o s\u00f3 o p\u00fablico, mas at\u00e9 os pr\u00f3prios produtores que viram, desde o in\u00edcio do projeto, teatros sempre com ingressos esgotados e plateias encantadas com a performance dos parceiros. O mesmo vem se repetindo na trajet\u00f3ria de \u201cValencianas II\u201d, que associa os ritmos do sert\u00e3o e o folk da guitarra el\u00e9trica de Alceu \u00e0 m\u00fasica de concerto impregnada de versatilidade da Orquestra Ouro Preto.<\/p>\n<p>\u201cValencianas II\u201d j\u00e1 nasceu com grande ades\u00e3o do p\u00fablico, que lotou a estreia do projeto em 2019, ainda antes da grava\u00e7\u00e3o do disco, sendo acompanhado por mais de 35 mil pessoas em Recife, mais de 50 mil no Parque Ibirapuera, em S\u00e3o Paulo, al\u00e9m de duas sess\u00f5es em Belo Horizonte com ingressos esgotados em poucos minutos de venda. O sucesso prosseguiu com o show de lan\u00e7amento do disco, com um concerto gratuito na praia de Copacabana, no Rio, em agosto de 2022, assim como a apresenta\u00e7\u00e3o do espet\u00e1culo na capital paulista, no Espa\u00e7o Unimed, totalizando aproximadamente 100 mil pessoas nas duas cidades. Soma-se a isso o alcance nos meios digitais, com n\u00fameros significativos de acessos nas plataformas e canais de streaming.<\/p>\n<p>A produ\u00e7\u00e3o tem dire\u00e7\u00e3o de palco e cenografia de Paulo Rog\u00e9rio Lage, tamb\u00e9m produtor e idealizador do projeto.<\/p>\n<p>&nbsp;<\/p>\n<p><strong>Hist\u00f3rico<\/strong><\/p>\n<p>Valencianas, a primeira edi\u00e7\u00e3o do espet\u00e1culo, foi concebida em 2010, para celebrar os 40 anos de carreira de Alceu Valen\u00e7a, fruto do encontro com Paulo Rog\u00e9rio Lage, que h\u00e1 tempos planejava proporcionar contornos orquestrais \u00e0 sua obra, juntamente com o maestro da Orquestra Ouro Preto e o homenageado.<\/p>\n<p>At\u00e9 ent\u00e3o, o trabalho do cantor e compositor pernambucano, n\u00e3o havia recebido tal tratamento, o que representou uma experi\u00eancia in\u00e9dita na carreira de Alceu. O sucesso da parceria foi absoluto, levando milhares de pessoas a teatros e pra\u00e7as no Brasil e em Portugal.<\/p>\n<p>Com a grava\u00e7\u00e3o do CD e DVD Valencianas: Alceu Valen\u00e7a e Orquestra Ouro Preto, em 2014, o trabalho, elogiado pela cr\u00edtica e festejado pelo p\u00fablico, ganhou o Pr\u00eamio da M\u00fasica Brasileira, em 2015, como melhor disco de MPB, categoria de maior prest\u00edgio da tradicional premia\u00e7\u00e3o. J\u00e1 nas m\u00eddias sociais e em aplicativos de streaming, o sucesso da parceria alcan\u00e7ou n\u00fameros inimagin\u00e1veis, tanto para artistas da MPB, quanto para Orquestras.<\/p>\n<p>&nbsp;<\/p>\n<hr \/>\n<p><strong>SERVI\u00c7O<\/strong><br \/>\n<strong>Turn\u00ea Nacional &#8211; Alceu Valen\u00e7a e Orquestra Ouro Preto: \u201cValencianas\u201d<\/strong><\/p>\n<p>&nbsp;<\/p>\n<p><strong>SALVADOR <\/strong><br \/>\n<strong>Data: <\/strong>15 de abril de 2023, s\u00e1bado<br \/>\n<strong>Hor\u00e1rio: <\/strong>19h<br \/>\n<strong>Local: <\/strong>Concha Ac\u00fastica Teatro Castro Alves (Pra\u00e7a Dois de Julho, s\/n &#8211; Campo Grande)<br \/>\n<strong>ESGOTADO!<\/strong><\/p>\n<p>&nbsp;<\/p>\n<p><strong>BRAS\u00cdLIA <\/strong><br \/>\n<strong>Data: <\/strong>27 de abril de 2023, quinta-feira<br \/>\n<strong>Hor\u00e1rio: <\/strong>20h30<br \/>\n<strong>Local: <\/strong>Centro de Conven\u00e7\u00f5es Ulysses Guimar\u00e3es (SDC &#8211; Ulysses Guimar\u00e3es, Bras\u00edlia)<br \/>\n<strong>ESGOTADO!<\/strong><\/p>\n<p>&nbsp;<\/p>\n<p><strong>TRANCOSO <\/strong><br \/>\n<strong>Data: <\/strong>13 de julho de 2023, quinta-feira<br \/>\n<strong>Hor\u00e1rio: <\/strong>19h<br \/>\n<strong>Local: <\/strong>Teatro L\u00b4Occitane (Estrada Municipal de Trancoso)<br \/>\n<strong>ESGOTADO!<\/strong><\/p>\n<p>&nbsp;<\/p>\n<p><strong>BELO HORIZONTE <\/strong><br \/>\n<strong>Data: <\/strong>4 e 5 de agosto, sexta e s\u00e1bado<br \/>\n<strong>Hor\u00e1rio: <\/strong>20h30<br \/>\n<strong>Local: <\/strong>Pal\u00e1cio das Artes (av. Afonso Pena, 1537 \u2013 Centro)<br \/>\n<strong>ESGOTADOS!<\/strong><\/p>\n<p>&nbsp;<\/p>\n<p><strong>JO\u00c3O PESSOA<\/strong><br \/>\n<strong>Data: <\/strong>17 de agosto de 2023, quinta-feira<br \/>\n<strong>Hor\u00e1rio: <\/strong>21h<br \/>\n<strong>Local: <\/strong>Teatro Pedra do Reino (Rodovia PB-008, KM 5)<br \/>\n<strong>\u00a0<\/strong><\/p>\n<p><strong>OLINDA<\/strong><br \/>\n<strong>Data: <\/strong>18 de agosto de 2023, sexta-feira<br \/>\n<strong>Hor\u00e1rio: <\/strong>21h<br \/>\n<strong>Local: <\/strong>Teatro Guararapes (Av. Prof. Andrade Bezerra s\/n, Olinda)<br \/>\n<strong>ESGOTADO!<\/strong><\/p>\n<p>&nbsp;<\/p>\n<p><strong>RIO DE JANEIRO <\/strong><br \/>\n<strong>Data: <\/strong>19 de agosto de 2023, s\u00e1bado<br \/>\n<strong>Hor\u00e1rio: <\/strong>21h<br \/>\n<strong>Local: <\/strong>Vivo Rio (Av. Infante Dom Henrique, 85 &#8211; Parque do Flamengo)<br \/>\n<strong>ESGOTADO!<\/strong><\/p>\n<p>&nbsp;<\/p>\n<p><strong>VIT\u00d3RIA <\/strong><br \/>\n<strong>Data: <\/strong>24 de novembro de 2023, sexta-feira<br \/>\n<strong>Hor\u00e1rio: <\/strong>21h30<br \/>\n<strong>Local: <\/strong>Espa\u00e7o Patrick Ribeiro (Novo Aeroporto de Vit\u00f3ria)<br \/>\n<strong>Ingressos: <\/strong><a href=\"https:\/\/site.blueticket.com.br\/evento\/32619\/valencianas-alceu-valenca-com-a-orquesta-de-ouro-preto\" target=\"_blank\" rel=\"noopener\">Clique aqui para garantir seus ingressos.<\/a><\/p>\n","protected":false},"excerpt":{"rendered":"<p>Descubra aqui as pr\u00f3ximas datas!<\/p>\n","protected":false},"author":1,"featured_media":8895,"comment_status":"closed","ping_status":"closed","sticky":false,"template":"","format":"standard","meta":{"footnotes":""},"categories":[289,295],"tags":[],"class_list":{"0":"post-8894","1":"post","2":"type-post","3":"status-publish","4":"format-standard","5":"has-post-thumbnail","7":"category-eventos","8":"category-noticia"},"_links":{"self":[{"href":"https:\/\/www.orquestraouropreto.com.br\/site\/wp-json\/wp\/v2\/posts\/8894","targetHints":{"allow":["GET"]}}],"collection":[{"href":"https:\/\/www.orquestraouropreto.com.br\/site\/wp-json\/wp\/v2\/posts"}],"about":[{"href":"https:\/\/www.orquestraouropreto.com.br\/site\/wp-json\/wp\/v2\/types\/post"}],"author":[{"embeddable":true,"href":"https:\/\/www.orquestraouropreto.com.br\/site\/wp-json\/wp\/v2\/users\/1"}],"replies":[{"embeddable":true,"href":"https:\/\/www.orquestraouropreto.com.br\/site\/wp-json\/wp\/v2\/comments?post=8894"}],"version-history":[{"count":13,"href":"https:\/\/www.orquestraouropreto.com.br\/site\/wp-json\/wp\/v2\/posts\/8894\/revisions"}],"predecessor-version":[{"id":9183,"href":"https:\/\/www.orquestraouropreto.com.br\/site\/wp-json\/wp\/v2\/posts\/8894\/revisions\/9183"}],"wp:featuredmedia":[{"embeddable":true,"href":"https:\/\/www.orquestraouropreto.com.br\/site\/wp-json\/wp\/v2\/media\/8895"}],"wp:attachment":[{"href":"https:\/\/www.orquestraouropreto.com.br\/site\/wp-json\/wp\/v2\/media?parent=8894"}],"wp:term":[{"taxonomy":"category","embeddable":true,"href":"https:\/\/www.orquestraouropreto.com.br\/site\/wp-json\/wp\/v2\/categories?post=8894"},{"taxonomy":"post_tag","embeddable":true,"href":"https:\/\/www.orquestraouropreto.com.br\/site\/wp-json\/wp\/v2\/tags?post=8894"}],"curies":[{"name":"wp","href":"https:\/\/api.w.org\/{rel}","templated":true}]}}