{"id":9010,"date":"2023-05-29T11:45:08","date_gmt":"2023-05-29T11:45:08","guid":{"rendered":"https:\/\/www.orquestraouropreto.com.br\/site\/?p=9010"},"modified":"2023-05-29T11:45:08","modified_gmt":"2023-05-29T11:45:08","slug":"joao-bosco-e-orquestra-em-araxa","status":"publish","type":"post","link":"https:\/\/www.orquestraouropreto.com.br\/site\/joao-bosco-e-orquestra-em-araxa\/","title":{"rendered":"Jo\u00e3o Bosco e Orquestra, em Arax\u00e1"},"content":{"rendered":"<p style=\"text-align: center;\">Dia 04\/06, no P\u00e1tio da Funda\u00e7\u00e3o Calmon<br \/>\n<!--more--><\/p>\n<h3 style=\"text-align: center;\"><strong>JO\u00c3O BOSCO E ORQUESTRA OURO PRETO <\/strong><strong>EM ARAX\u00c1 <\/strong><\/h3>\n<p style=\"text-align: center;\"><em>Orquestra e Jo\u00e3o Bosco celebram parceria musical com <\/em><em>concerto gratuito no dia 4 de junho, em Arax\u00e1<\/em><\/p>\n<p><em>\u00a0<\/em><\/p>\n<p>Um dos principais nomes da m\u00fasica popular brasileira e uma das mais prestigiadas forma\u00e7\u00f5es orquestrais do pa\u00eds se encontram em Arax\u00e1 para um emocionante concerto. No dia 4 de junho, \u00e0s 17h, no P\u00e1tio da Funda\u00e7\u00e3o Cultural Calmon Barreto, o grande Jo\u00e3o Bosco se junta \u00e0 Orquestra Ouro Preto para apresentar &#8220;G\u00eanesis&#8221;, show que celebra toda a rica trajet\u00f3ria do cantor, compositor e violonista. O evento tem o patroc\u00ednio da CBMM atrav\u00e9s da Lei Federal de Incentivo \u00e0 Cultura e promove o disco hom\u00f4nimo, lan\u00e7ado em 2022 em todas as plataformas de \u00e1udio.<\/p>\n<p>\u201cG\u00eanesis\u201d se refere a essa for\u00e7a criadora que \u00e9 a m\u00fasica de Jo\u00e3o. Traz em si a ideia do nascimento do legado de um artista que tem seu lugar j\u00e1 ancorado no altar da m\u00fasica brasileira e que renasce ao deparar-se com os arranjos especialmente feitos pelo maestro Nelson Ayres e regidos pelo maestro Rodrigo Toffolo.<\/p>\n<p>O repert\u00f3rio desfila p\u00e9rolas como \u201cO B\u00eabado e o Equilibrista\u201d, \u201cCors\u00e1rio\u201d, \u201cBala com Bala\u201d e \u201cDe Frente pro Crime\u201d, prestando tamb\u00e9m tributo a Aldir Blanc, um de seus principais parceiros.\u00a0Os arranjos privilegiam o jeito \u00fanico com o qual Jo\u00e3o maneja seus instrumentos, seu viol\u00e3o e sua voz, priorizando a precisa interfer\u00eancia dos outros elementos orquestrais, que emprestam ainda mais luzes \u00e0s suas composi\u00e7\u00f5es. A excel\u00eancia e a personalidade musical de Jo\u00e3o encontram aqui um di\u00e1logo perfeito com a versatilidade e a ousadia da Orquestra.<\/p>\n<p>\u201cJo\u00e3o Bosco \u00e9 a orquestra de um homem s\u00f3. Como violonista, faz flutuar melodias com espantosa destreza, produzindo agudos e graves em notas que se multiplicam, numa r\u00edtmica muito particular. Em outras palavras, a arte de Jo\u00e3o Bosco \u00e9 perfeita\u201d, comenta o maestro Rodrigo Toffolo ao explicar o motivo do grande zelo que todos da Orquestra tratam o novo trabalho.<\/p>\n<p>A afinidade entre mineiros fica evidente no palco. Mineiro de Ponte Nova, Jo\u00e3o formou-se engenheiro na Universidade Federal de Ouro Preto, morando por um bom per\u00edodo na cidade que \u00e9 o ber\u00e7o da Orquestra e do artista Jorge dos Anjos, cujas obras emolduram todo o conceito de \u201cG\u00eanesis\u201d, numa simbiose entre as formas geom\u00e9tricas e refer\u00eancias afro-brasileiras de suas obras e contemporaneidade e ancestralidade que habitam tamb\u00e9m o universo das can\u00e7\u00f5es de Bosco.<\/p>\n<p>&nbsp;<\/p>\n<hr \/>\n<p><strong>SERVI\u00c7O<\/strong><br \/>\n<strong>\u201cG\u00eanesis: Orquestra Ouro Preto e Jo\u00e3o Bosco\u201d<\/strong><\/p>\n<p><strong>Data:<\/strong>Dia 04 de junho de 2023<br \/>\n<strong>Hor\u00e1rio:<\/strong> 17h<br \/>\n<strong>Local: <\/strong>P\u00e1tio da Funda\u00e7\u00e3o Cultural Calmon Barreto ( Pra\u00e7a Artur Bernardes, 10 &#8211; Centro, Arax\u00e1 )<br \/>\n<strong>Ingressos:<\/strong> Entrada franca!<\/p>\n","protected":false},"excerpt":{"rendered":"<p>Dia 04\/06, no P\u00e1tio da Funda\u00e7\u00e3o Calmon<\/p>\n","protected":false},"author":1,"featured_media":9011,"comment_status":"closed","ping_status":"closed","sticky":false,"template":"","format":"standard","meta":{"footnotes":""},"categories":[289,295],"tags":[],"class_list":{"0":"post-9010","1":"post","2":"type-post","3":"status-publish","4":"format-standard","5":"has-post-thumbnail","7":"category-eventos","8":"category-noticia"},"_links":{"self":[{"href":"https:\/\/www.orquestraouropreto.com.br\/site\/wp-json\/wp\/v2\/posts\/9010","targetHints":{"allow":["GET"]}}],"collection":[{"href":"https:\/\/www.orquestraouropreto.com.br\/site\/wp-json\/wp\/v2\/posts"}],"about":[{"href":"https:\/\/www.orquestraouropreto.com.br\/site\/wp-json\/wp\/v2\/types\/post"}],"author":[{"embeddable":true,"href":"https:\/\/www.orquestraouropreto.com.br\/site\/wp-json\/wp\/v2\/users\/1"}],"replies":[{"embeddable":true,"href":"https:\/\/www.orquestraouropreto.com.br\/site\/wp-json\/wp\/v2\/comments?post=9010"}],"version-history":[{"count":1,"href":"https:\/\/www.orquestraouropreto.com.br\/site\/wp-json\/wp\/v2\/posts\/9010\/revisions"}],"predecessor-version":[{"id":9012,"href":"https:\/\/www.orquestraouropreto.com.br\/site\/wp-json\/wp\/v2\/posts\/9010\/revisions\/9012"}],"wp:featuredmedia":[{"embeddable":true,"href":"https:\/\/www.orquestraouropreto.com.br\/site\/wp-json\/wp\/v2\/media\/9011"}],"wp:attachment":[{"href":"https:\/\/www.orquestraouropreto.com.br\/site\/wp-json\/wp\/v2\/media?parent=9010"}],"wp:term":[{"taxonomy":"category","embeddable":true,"href":"https:\/\/www.orquestraouropreto.com.br\/site\/wp-json\/wp\/v2\/categories?post=9010"},{"taxonomy":"post_tag","embeddable":true,"href":"https:\/\/www.orquestraouropreto.com.br\/site\/wp-json\/wp\/v2\/tags?post=9010"}],"curies":[{"name":"wp","href":"https:\/\/api.w.org\/{rel}","templated":true}]}}