{"id":9013,"date":"2023-05-29T11:49:34","date_gmt":"2023-05-29T11:49:34","guid":{"rendered":"https:\/\/www.orquestraouropreto.com.br\/site\/?p=9013"},"modified":"2023-05-31T14:43:00","modified_gmt":"2023-05-31T14:43:00","slug":"serie-musica-de-camara-em-ouro-preto","status":"publish","type":"post","link":"https:\/\/www.orquestraouropreto.com.br\/site\/serie-musica-de-camara-em-ouro-preto\/","title":{"rendered":"M\u00fasica de C\u00e2mara em Ouro Preto"},"content":{"rendered":"<p style=\"text-align: center;\">Dia 31\/05, no Museu Boulieu<br \/>\n<!--more--><\/p>\n<h3 style=\"text-align: center;\"><strong>DUO MITRE SE APRESENTA NA S\u00c9RIE M\u00daSICA DE C\u00c2MARA<\/strong><\/h3>\n<p style=\"text-align: center;\"><em>Projeto com curadoria da Orquestra Ouro Preto ser\u00e1 apresentado mensalmente no Museu Boulieu<\/em><\/p>\n<p><em>\u00a0<\/em><\/p>\n<p>O Museu Boulieu receber\u00e1 a S\u00e9rie \u201cM\u00fasica de C\u00e2mara\u201d, projeto da Orquestra Ouro Preto que re\u00fane grandes talentos da m\u00fasica mineira para apresenta\u00e7\u00f5es intimistas, repletas de excel\u00eancia e versatilidade. A primeira apresenta\u00e7\u00e3o em Ouro Preto ser\u00e1 do Duo Mitre, que re\u00fane em palco a pianista Lu\u00edsa Mitre e a percussionista Nat\u00e1lia Mitre. O concerto acontece no dia 31 de maio, \u00e0s 20h, com entrada gratuita. A curadoria \u00e9 do maestro Rodrigo Toffolo e a programa\u00e7\u00e3o ao longo do ano prev\u00ea a apresenta\u00e7\u00e3o de uma s\u00e9rie de duos, trios e quartetos formados por artistas que s\u00e3o refer\u00eancia em seus instrumentos e se destacam no universo da m\u00fasica sinf\u00f4nica ou popular.<\/p>\n<p>Juntas desde o in\u00edcio de suas carreiras musicais, ainda na inf\u00e2ncia, as artistas que integram o Duo construiu uma conex\u00e3o musical intensa que se reflete em suas performances e cria\u00e7\u00f5es.Com o prop\u00f3sito de valorizar e difundir a m\u00fasica instrumental brasileira, a dupla lan\u00e7ou, em 2021, o disco &#8220;Seiva&#8221;, ganhador do II Pr\u00eamio da M\u00fasica Popular Mineira na categoria &#8220;Melhor \u00c1lbum Instrumental&#8221;, cujas can\u00e7\u00f5es integram o repert\u00f3rio que ser\u00e1 apresentado ao lado de composi\u00e7\u00f5es de mulheres instrumentistas como Chiquinha Gonzaga, Lea Freire e T\u00e2nia Maria, buscando assim valorizar a produ\u00e7\u00e3o feminina da m\u00fasica instrumental.<\/p>\n<p>\u201cEssa forma\u00e7\u00e3o de vibrafone e piano, ou piano e percuss\u00e3o, \u00e9 bem divertida e desafiadora porque \u00e9 mais minimalista para executar tantos elementos musicais.\u00a0 Mas n\u00e3o nos faltam refer\u00eancias, que s\u00e3o nossas inspira\u00e7\u00f5es, como o duo de Nan\u00e1 Vasconcelos e Egberto Gismonti ou o de Gary Burton e Chick Corea\u201d, pontua Nat\u00e1lia Mitre. \u201cE acaba trazendo uma rela\u00e7\u00e3o mais \u00edntima com o p\u00fablico tamb\u00e9m. Ao longo do show, a gente conta a hist\u00f3ria das m\u00fasicas e tenta aproximar a nossa hist\u00f3ria do p\u00fablico que est\u00e1 nos assistindo\u201d, completa a percussionista.<\/p>\n<p>O projeto \u201cM\u00fasica de C\u00e2mara\u201d d\u00e1 continuidade \u00e0 parceria entre a Orquestra Ouro Preto, o Instituto Cultural Vale e o Museu Boulieu. A curadoria vai ao encontro da voca\u00e7\u00e3o do espa\u00e7o localizado na entrada da cidade hist\u00f3rica, valorizando as tradi\u00e7\u00f5es e a arte barroca, sem perder de vista o olhar contempor\u00e2neo.<\/p>\n<p>&nbsp;<\/p>\n<hr \/>\n<p><strong>SERVI\u00c7O<\/strong><br \/>\n<strong>M\u00fasica de C\u00e2mara \u2013 Duo Mitre<\/strong><\/p>\n<p><strong>Data: <\/strong>31 de maio de 2023, quarta-feira<br \/>\n<strong>Hor\u00e1rio: <\/strong>20 horas<br \/>\n<strong>Local:<\/strong> Museu Boulieu (Rua Padre Rolim, 412 \u2013 Ouro Preto \/ MG)<br \/>\n<strong>Ingressos: <\/strong>1 kg de alimentos n\u00e3o perec\u00edveis ou 1 agasalho.<\/p>\n","protected":false},"excerpt":{"rendered":"<p>Dia 31\/05, no Museu Boulieu<\/p>\n","protected":false},"author":1,"featured_media":9014,"comment_status":"closed","ping_status":"closed","sticky":false,"template":"","format":"standard","meta":{"footnotes":""},"categories":[289,295],"tags":[],"class_list":{"0":"post-9013","1":"post","2":"type-post","3":"status-publish","4":"format-standard","5":"has-post-thumbnail","7":"category-eventos","8":"category-noticia"},"_links":{"self":[{"href":"https:\/\/www.orquestraouropreto.com.br\/site\/wp-json\/wp\/v2\/posts\/9013","targetHints":{"allow":["GET"]}}],"collection":[{"href":"https:\/\/www.orquestraouropreto.com.br\/site\/wp-json\/wp\/v2\/posts"}],"about":[{"href":"https:\/\/www.orquestraouropreto.com.br\/site\/wp-json\/wp\/v2\/types\/post"}],"author":[{"embeddable":true,"href":"https:\/\/www.orquestraouropreto.com.br\/site\/wp-json\/wp\/v2\/users\/1"}],"replies":[{"embeddable":true,"href":"https:\/\/www.orquestraouropreto.com.br\/site\/wp-json\/wp\/v2\/comments?post=9013"}],"version-history":[{"count":2,"href":"https:\/\/www.orquestraouropreto.com.br\/site\/wp-json\/wp\/v2\/posts\/9013\/revisions"}],"predecessor-version":[{"id":9027,"href":"https:\/\/www.orquestraouropreto.com.br\/site\/wp-json\/wp\/v2\/posts\/9013\/revisions\/9027"}],"wp:featuredmedia":[{"embeddable":true,"href":"https:\/\/www.orquestraouropreto.com.br\/site\/wp-json\/wp\/v2\/media\/9014"}],"wp:attachment":[{"href":"https:\/\/www.orquestraouropreto.com.br\/site\/wp-json\/wp\/v2\/media?parent=9013"}],"wp:term":[{"taxonomy":"category","embeddable":true,"href":"https:\/\/www.orquestraouropreto.com.br\/site\/wp-json\/wp\/v2\/categories?post=9013"},{"taxonomy":"post_tag","embeddable":true,"href":"https:\/\/www.orquestraouropreto.com.br\/site\/wp-json\/wp\/v2\/tags?post=9013"}],"curies":[{"name":"wp","href":"https:\/\/api.w.org\/{rel}","templated":true}]}}