{"id":9023,"date":"2023-05-31T14:41:56","date_gmt":"2023-05-31T14:41:56","guid":{"rendered":"https:\/\/www.orquestraouropreto.com.br\/site\/?p=9023"},"modified":"2023-06-05T23:41:10","modified_gmt":"2023-06-05T23:41:10","slug":"rotorquestra-na-praca-da-liberdade","status":"publish","type":"post","link":"https:\/\/www.orquestraouropreto.com.br\/site\/rotorquestra-na-praca-da-liberdade\/","title":{"rendered":"Rotorquestra em BH!"},"content":{"rendered":"<p style=\"text-align: center;\">Dia 11\/06, em frente ao Pal\u00e1cio<br \/>\n<!--more--><\/p>\n<h3 class=\"p1\" style=\"text-align: center;\"><b>PATO FU E ORQUESTRA OURO PRETO EM CONCERTO GRATUITO NA PRA\u00c7A DA LIBERDADE<\/b><\/h3>\n<p class=\"p1\" style=\"text-align: center;\"><i>\u201cRotorquestra de Liquidificafu\u201d, que une o pop rock \u00e0 m\u00fasica de concerto, ser\u00e1 apresentado no dia 11 de junho, \u00e0s 18h, com entrada franca<\/i><\/p>\n<p>&nbsp;<\/p>\n<p>O t\u00e3o celebrado encontro entre o Pato Fu e a Orquestra Ouro Preto, o concerto \u201cRotorquestra de Liquidicafu\u201d ter\u00e1 como palco a Pra\u00e7a da Liberdade, um dos mais belos cart\u00f5es-postais de Belo Horizonte e um local emblem\u00e1tico no que tange \u00e0 tradi\u00e7\u00e3o e \u00e0 contemporaneidade, uma das marcas dessa uni\u00e3o entre o pop rock da banda mineira e uma das mais prestigiadas forma\u00e7\u00f5es orquestrais do pa\u00eds. O espet\u00e1culo gratuito ter\u00e1 \u00fanica apresenta\u00e7\u00e3o no dia 11 de junho, \u00e0s 18h, com patroc\u00ednio do Instituto Cultural Vale.<\/p>\n<p>Um mundo inteiro de possibilidades musicais. \u00c9 assim, num experimentalismo bem \u00e0 mineira, que come\u00e7a o encontro da Orquestra Ouro Preto com o Pato Fu em \u201cRotorquestra de Liquidificafu\u201d, s\u00e9rie de concertos que marcou, em grande estilo, os 30 anos de trajet\u00f3ria da banda mineira. Logo na primeira m\u00fasica do espet\u00e1culo, uma vers\u00e3o surpreendente da m\u00fasica \u201cRotomusic de Liquidificapum,\u201d uma s\u00edntese do esp\u00edrito desse projeto, ancorado na ousadia e na multiplicidade de refer\u00eancias que acompanham a hist\u00f3ria do Pato Fu.<\/p>\n<p>Com um repert\u00f3rio equilibrado entre as can\u00e7\u00f5es mais conhecidas do grande p\u00fablico e outras preciosidades menos populares da banda, pin\u00e7adas dos 13 \u00e1lbuns gravados em sua trajet\u00f3ria, a \u201cRotorquestra\u201d foi acolhida de forma calorosa e afetuosa pelo p\u00fablico. \u201cN\u00e3o posso dizer que me surpreendi com a receptividade do p\u00fablico pois eu tinha certeza de que seria muito boa. Eu me surpreendi mais com a facilidade com que trabalhamos juntos e colhemos esse resultado t\u00e3o feliz. A parceria com a Orquestra nos fez enveredar por um repert\u00f3rio que n\u00e3o toc\u00e1vamos h\u00e1 muito tempo. Isso realmente deixou os f\u00e3s muito emocionados; e da\u00ed a gente se emocionou de volta\u201d, afirma John Ulh\u00f4a.<\/p>\n<p>Ao longo de toda a turn\u00ea de estreia do concerto pelo interior de Minas Gerais, os artistas foram recepcionados em pra\u00e7as lotadas por todas as cidades visitadas \u2013 Nova Lima, Caet\u00e9, Sabar\u00e1 e Santa B\u00e1rbara, al\u00e9m de um show inesquec\u00edvel cercado pelas belezas de Inhotim. O encerramento da turn\u00ea se deu numa noite memor\u00e1vel com o p\u00fablico belo-horizontino no Pal\u00e1cio das Artes, com ingressos totalmente esgotados para acompanhar a grava\u00e7\u00e3o do \u00e1lbum que ser\u00e1 lan\u00e7ado ainda neste ano. Ficou um gostinho de quero mais.<\/p>\n<p>Para o Maestro Rodrigo Toffolo, f\u00e3 confesso da banda, a uni\u00e3o entre Orquestra e Pato Fu passa por linhas hist\u00f3ricas constru\u00eddas entre ousadia e versatilidade. \u201cLembro de ouvir o \u2018Hino do Pato Fu\u2019 em alguns encontros com amigos em Ouro Preto. Era fant\u00e1stico. Assisti a muitas apresenta\u00e7\u00f5es da banda e sempre enxerguei similaridades com a Orquestra. O experimentalismo, a ousadia, a falta de pudores em arriscar. Tudo sempre feito com muita qualidade, leveza e toques de humor\u201d, afirma o regente.<\/p>\n<p>Realizada com o apoio da Funda\u00e7\u00e3o Clovis Salgado e do Circuito Liberdade, a apresenta\u00e7\u00e3o marca o retorno da Orquestra Ouro Preto \u00e0 Pra\u00e7a da Liberdade, num formato inovador, com um palco em frente ao Pal\u00e1cio, o que permitir\u00e1 ao p\u00fablico uma \u00f3tima integra\u00e7\u00e3o com o espa\u00e7o da pra\u00e7a, protegido com medidas de preserva\u00e7\u00e3o ao patrim\u00f4nio.Para o Instituto Cultural Vale, \u00e9 uma grande oportunidade de inspirar e presentear os belo-horizontinos. \u201cA Orquestra Ouro Preto tem o dom\u00ednio em promover encontros memor\u00e1veis, flertando com diferentes ritmos, g\u00eaneros musicais e \u00e1reas diversas da cultura. E neste concerto a Orquestra passeia pelo rock com o Pato Fu, banda precursora de tend\u00eancias musicais, e tudo isso na Pra\u00e7a da Liberdade, local onde o Instituto Cultural Vale mant\u00e9m o Memorial Minas Gerais Vale\u201d, ressalta o gestor do espa\u00e7o na capital mineira, Wagner Tameir\u00e3o.<\/p>\n<p>\u201cRotorquestra de Liquidificafu: Pato Fu e Orquestra Ouro Preto\u201d, na Pra\u00e7a da Liberdade, tem patroc\u00ednio do Instituto Cultural Vale, atrav\u00e9s da Lei Federal de Incentivo \u00e0 Cultura, com apoio do Circuito Liberdade, APPA, da Funda\u00e7\u00e3o Cl\u00f3vis Salgado (FCS) e Secretaria de Estado de Cultura e Turismo de Minas Gerais (Secult).<\/p>\n<p>&nbsp;<\/p>\n<hr \/>\n<p class=\"p6\"><b>SERVI\u00c7O<\/b><\/p>\n<p class=\"p6\"><b>Rotorquestra de Liquidificafu: Pato Fu e Orquestra Ouro Preto<\/b><\/p>\n<p><b>Local:<\/b> Pra\u00e7a da Liberdade, Belo Horizonte.<br \/>\n<b>Data:<\/b> 11 de junho de 2023, domingo<br \/>\n<b>Hor\u00e1rio:<\/b> 18 horas<br \/>\n<b>Ingressos:<\/b> Entrada franca<br \/>\n<b>Informa\u00e7\u00f5es:<\/b> www.orquestraouropreto.com.br<\/p>\n","protected":false},"excerpt":{"rendered":"<p>Dia 11\/06, em frente ao Pal\u00e1cio<\/p>\n","protected":false},"author":1,"featured_media":9024,"comment_status":"closed","ping_status":"closed","sticky":false,"template":"","format":"standard","meta":{"footnotes":""},"categories":[289,295],"tags":[],"class_list":{"0":"post-9023","1":"post","2":"type-post","3":"status-publish","4":"format-standard","5":"has-post-thumbnail","7":"category-eventos","8":"category-noticia"},"_links":{"self":[{"href":"https:\/\/www.orquestraouropreto.com.br\/site\/wp-json\/wp\/v2\/posts\/9023","targetHints":{"allow":["GET"]}}],"collection":[{"href":"https:\/\/www.orquestraouropreto.com.br\/site\/wp-json\/wp\/v2\/posts"}],"about":[{"href":"https:\/\/www.orquestraouropreto.com.br\/site\/wp-json\/wp\/v2\/types\/post"}],"author":[{"embeddable":true,"href":"https:\/\/www.orquestraouropreto.com.br\/site\/wp-json\/wp\/v2\/users\/1"}],"replies":[{"embeddable":true,"href":"https:\/\/www.orquestraouropreto.com.br\/site\/wp-json\/wp\/v2\/comments?post=9023"}],"version-history":[{"count":6,"href":"https:\/\/www.orquestraouropreto.com.br\/site\/wp-json\/wp\/v2\/posts\/9023\/revisions"}],"predecessor-version":[{"id":9034,"href":"https:\/\/www.orquestraouropreto.com.br\/site\/wp-json\/wp\/v2\/posts\/9023\/revisions\/9034"}],"wp:featuredmedia":[{"embeddable":true,"href":"https:\/\/www.orquestraouropreto.com.br\/site\/wp-json\/wp\/v2\/media\/9024"}],"wp:attachment":[{"href":"https:\/\/www.orquestraouropreto.com.br\/site\/wp-json\/wp\/v2\/media?parent=9023"}],"wp:term":[{"taxonomy":"category","embeddable":true,"href":"https:\/\/www.orquestraouropreto.com.br\/site\/wp-json\/wp\/v2\/categories?post=9023"},{"taxonomy":"post_tag","embeddable":true,"href":"https:\/\/www.orquestraouropreto.com.br\/site\/wp-json\/wp\/v2\/tags?post=9023"}],"curies":[{"name":"wp","href":"https:\/\/api.w.org\/{rel}","templated":true}]}}