{"id":9036,"date":"2023-06-05T23:48:14","date_gmt":"2023-06-05T23:48:14","guid":{"rendered":"https:\/\/www.orquestraouropreto.com.br\/site\/?p=9036"},"modified":"2023-06-05T23:48:14","modified_gmt":"2023-06-05T23:48:14","slug":"auto-da-compadecida-em-bh","status":"publish","type":"post","link":"https:\/\/www.orquestraouropreto.com.br\/site\/auto-da-compadecida-em-bh\/","title":{"rendered":"Auto da Compadecida em BH!"},"content":{"rendered":"<p style=\"text-align: center;\">Dias 13 e 14\/06, no Pal\u00e1cio das Artes<br \/>\n<!--more--><\/p>\n<h3 style=\"text-align: center;\"><strong>Orquestra Ouro Preto apresenta \u201cAuto da Compadecida, a \u00d3pera\u201d, dias 13 e 14 de junho, no Pal\u00e1cio das Artes<\/strong><\/h3>\n<p style=\"text-align: center;\"><strong>\u00a0<\/strong><em>Com patroc\u00ednio do Instituto Cultural Vale,<\/em> <em>a \u00f3pera inspirada na obra de Ariano Suassuna tem m\u00fasica original de Tim Rescala, que assina o libreto com o maestro Rodrigo Toffolo, respons\u00e1vel pela concep\u00e7\u00e3o e dire\u00e7\u00e3o musical da montagem<\/em><\/p>\n<p><em>\u00a0<\/em><\/p>\n<p>Uma das mais emblem\u00e1ticas obras de Ariano Suassuna ganhou, em 2022, as cores da Orquestra Ouro Preto. Com patroc\u00ednio do Instituto Cultural Vale, \u201cAuto da Compadecida, a \u00d3pera\u201d t\u00eam sido um grande sucesso por onde passa e retorna \u00e0 capital para duas apresenta\u00e7\u00f5es, nos dias 13 e 14 de junho, \u00e0s 20h30, no Pal\u00e1cio das Artes. A hist\u00f3ria de Chic\u00f3 e Jo\u00e3o Grilo re\u00fane, na vers\u00e3o da forma\u00e7\u00e3o mineira, uma verdadeira constela\u00e7\u00e3o para apresentar \u201cuma <em>\u00f3pera<\/em>&#8211;<em>buffa<\/em> brasileira em dois atos\u201d. A m\u00fasica \u00e9 original e traz a assinatura de Tim Rescala. O compositor assina o libreto junto com o maestro Rodrigo Toffolo, regente titular e respons\u00e1vel pela concep\u00e7\u00e3o e dire\u00e7\u00e3o musical do espet\u00e1culo. A montagem ainda passar\u00e1, em 2023, por Manaus e Rio de Janeiro, onde encerra a temporada com uma apresenta\u00e7\u00e3o in\u00e9dita nas areias da Praia de Copacabana.<\/p>\n<p><a href=\"https:\/\/www.eventim.com.br\/artist\/orquestra-ouropreto\/\" target=\"_blank\" rel=\"noopener\">Clique aqui para garantir os seus ingressos.<\/a><\/p>\n<p>Essa \u00e9 a terceira incurs\u00e3o da Orquestra no universo oper\u00edstico e pode ser considerada um marco na maturidade da forma\u00e7\u00e3o mineira que agora, prestes a completar 23 anos de trajet\u00f3ria, prop\u00f5e um projeto ainda mais ousado rumo a uma linguagem brasileira e popular. Em 2022 a \u201cAuto da Compadecida, a \u00d3pera\u201d, estreou com seis r\u00e9citas e todos os ingressos vendidos por S\u00e3o Paulo, Rio e Belo Horizonte. Em 2023 a temporada come\u00e7ou em Bel\u00e9m, tamb\u00e9m com duas r\u00e9citas lotadas.<\/p>\n<p>\u201cA \u00f3pera \u00e9 uma arte m\u00e1xima em que m\u00fasica, teatro, figurino, cen\u00e1rio e ilumina\u00e7\u00e3o se encontram. Era um sonho antigo da orquestra come\u00e7ar a realizar produ\u00e7\u00f5es de \u00f3peras. J\u00e1 fizemos duas, ambas em portugu\u00eas, \u2018O Basculho de Chamin\u00e9\u2019 e \u2018O Grande Governador da Ilha dos Lagartos\u2019, projetos pioneiros que nos deram sustenta\u00e7\u00e3o para caminhar para um desafio ainda mais inovador, mais audacioso e de grande f\u00f4lego\u201d, avalia Toffolo.<\/p>\n<p>\u201cQuando se pensa na \u00f3pera brasileira, em libretos, em hist\u00f3rias, \u2018O Auto da Compadecida\u2019 tem um gosto todo especial, n\u00e3o s\u00f3 pela escrita de Suassuna, n\u00e3o s\u00f3 pelo sucesso que a pe\u00e7a e o filme fizeram com o p\u00fablico brasileiro, mas pelos ingredientes que essa obra prima da literatura brasileira inspira para uma grande \u00f3pera. Estamos felizes por tentar algo novo, com DNA brasileiro. S\u00e3o quase dois anos de pr\u00e9-projeto para trazer uma proposta para a linguagem da m\u00fasica de concerto\u201d, completa o maestro.<\/p>\n<p>O di\u00e1logo direto com o p\u00fablico, um dos pilares da produ\u00e7\u00e3o da Orquestra, est\u00e1 garantido nessa <em>\u00f3pera<\/em>&#8211;<em>buffa<\/em> que traz a com\u00e9dia como elemento principal de sua linguagem. Para cumprir essa miss\u00e3o, formou-se um grande elenco em cena e nos bastidores da montagem. A dire\u00e7\u00e3o de cena \u00e9 assinada por Chico Pel\u00facio. No palco, grandes nomes do canto l\u00edrico brasileiro \u2013 Fernando Portari, Mar\u00edlia Vargas, Marcelo Coutinho, Carla Rizzi, Jabez Lima e Rafael Siano, al\u00e9m de um trio de atores escolhidos para dar voz e corpo ao cl\u00e1ssico da literatura brasileira \u2013 Glic\u00e9rio do Ros\u00e1rio, Claudio Dias e Maur\u00edcio Tizumba.<\/p>\n<p>Para abrilhantar ainda mais a produ\u00e7\u00e3o, trazendo para o palco as ra\u00edzes da obra de Ariano, o espet\u00e1culo conta com figurinos desenhados por Manuel Dantas Suassuna, artista pl\u00e1stico de renome e filho do escritor. Essa parceria traz ainda um maior enraizamento \u00e0 montagem, agregando o olhar e a cria\u00e7\u00e3o de quem nasceu, viveu, conhece e reconhece este universo como poucos.<\/p>\n<p>Em sua terceira parceria com a Orquestra Ouro Preto, Tim Rescala, que assina a m\u00fasica original, ressalta dois desafios: o primeiro seria se manter fiel ao eixo principal da obra, seu esqueleto, sua estrutura b\u00e1sica, sem corromp\u00ea-la. O segundo seria, ao mesmo tempo, gerar algo novo. Para ele \u201ca melhor forma de se reverenciar um cl\u00e1ssico n\u00e3o \u00e9 sendo conservador, mas sim sendo livre, transformando aquilo que foi criado em uma outra coisa.\u00a0Por isso que a gente chama a montagem de <em>\u00f3pera<\/em>&#8211;<em>buffa<\/em> brasileira: ela procura ser popular, ter contato direto com a plateia, mas criando algo diferente. A gente espera ter encontrado esse novo formato\u201d, adianta o compositor.<\/p>\n<p>O Maestro Rodrigo Toffolo ressalta o car\u00e1ter universal da m\u00fasica composta para a \u00f3pera e a maneira singular que Tim tem de agregar sua assinatura a essa parceria. \u201cO Tim tem uma escola, tem uma maneira de compor e de pensar m\u00fasica de cena muito diferenciada no Brasil. Um dos maiores nomes da composi\u00e7\u00e3o nacional, a experi\u00eancia teatral e de televis\u00e3o que ele tem, fazem dele a pessoa ideal n\u00e3o s\u00f3 para compor essa m\u00fasica original, mas para trabalhar com o que a Orquestra anseia em cena. Foi um trabalho incr\u00edvel do Tim, uma m\u00fasica bel\u00edssima. E tenho certeza de que o p\u00fablico vai ficar feliz com o resultado e muitos v\u00e3o dizer aquela frase que tanto nos traz alegria de ouvir: \u2018s\u00f3 a Orquestra Ouro Preto para fazer isso\u2019\u201d.<\/p>\n<p>&nbsp;<\/p>\n<hr \/>\n<p><strong>SERVI\u00c7O<\/strong><\/p>\n<p><strong>Orquestra Ouro Preto: \u201cAuto da Compadecida, a \u00d3pera\u201d<\/strong><\/p>\n<p><strong>Data: <\/strong>13 e 14 de junho de 2023<br \/>\n<strong>Hor\u00e1rio: <\/strong>20h30<br \/>\n<strong>Local:<\/strong> Grande Teatro do Pal\u00e1cio das Artes \u2013 Avenida Afonso Pena, 1537, centro.<br \/>\n<strong>Ingressos:<\/strong> <a href=\"https:\/\/www.eventim.com.br\/artist\/orquestra-ouropreto\/\" target=\"_blank\" rel=\"noopener\">Clique aqui para garantir os seus ingressos.<\/a><\/p>\n","protected":false},"excerpt":{"rendered":"<p>Dias 13 e 14\/06, no Pal\u00e1cio das Artes<\/p>\n","protected":false},"author":1,"featured_media":9037,"comment_status":"closed","ping_status":"closed","sticky":false,"template":"","format":"standard","meta":{"footnotes":""},"categories":[289,295],"tags":[],"class_list":{"0":"post-9036","1":"post","2":"type-post","3":"status-publish","4":"format-standard","5":"has-post-thumbnail","7":"category-eventos","8":"category-noticia"},"_links":{"self":[{"href":"https:\/\/www.orquestraouropreto.com.br\/site\/wp-json\/wp\/v2\/posts\/9036","targetHints":{"allow":["GET"]}}],"collection":[{"href":"https:\/\/www.orquestraouropreto.com.br\/site\/wp-json\/wp\/v2\/posts"}],"about":[{"href":"https:\/\/www.orquestraouropreto.com.br\/site\/wp-json\/wp\/v2\/types\/post"}],"author":[{"embeddable":true,"href":"https:\/\/www.orquestraouropreto.com.br\/site\/wp-json\/wp\/v2\/users\/1"}],"replies":[{"embeddable":true,"href":"https:\/\/www.orquestraouropreto.com.br\/site\/wp-json\/wp\/v2\/comments?post=9036"}],"version-history":[{"count":1,"href":"https:\/\/www.orquestraouropreto.com.br\/site\/wp-json\/wp\/v2\/posts\/9036\/revisions"}],"predecessor-version":[{"id":9038,"href":"https:\/\/www.orquestraouropreto.com.br\/site\/wp-json\/wp\/v2\/posts\/9036\/revisions\/9038"}],"wp:featuredmedia":[{"embeddable":true,"href":"https:\/\/www.orquestraouropreto.com.br\/site\/wp-json\/wp\/v2\/media\/9037"}],"wp:attachment":[{"href":"https:\/\/www.orquestraouropreto.com.br\/site\/wp-json\/wp\/v2\/media?parent=9036"}],"wp:term":[{"taxonomy":"category","embeddable":true,"href":"https:\/\/www.orquestraouropreto.com.br\/site\/wp-json\/wp\/v2\/categories?post=9036"},{"taxonomy":"post_tag","embeddable":true,"href":"https:\/\/www.orquestraouropreto.com.br\/site\/wp-json\/wp\/v2\/tags?post=9036"}],"curies":[{"name":"wp","href":"https:\/\/api.w.org\/{rel}","templated":true}]}}