{"id":9050,"date":"2023-06-14T18:05:27","date_gmt":"2023-06-14T18:05:27","guid":{"rendered":"https:\/\/www.orquestraouropreto.com.br\/site\/?p=9050"},"modified":"2023-06-14T18:05:27","modified_gmt":"2023-06-14T18:05:27","slug":"orquestra-ouro-preto-a-ha","status":"publish","type":"post","link":"https:\/\/www.orquestraouropreto.com.br\/site\/orquestra-ouro-preto-a-ha\/","title":{"rendered":"Orquestra Ouro Preto: A-Ha"},"content":{"rendered":"<p style=\"text-align: center;\">Dia 18\/06, no Sesc Palladium<br \/>\n<!--more--><\/p>\n<h3 style=\"text-align: center;\"><strong>Orquestra Ouro Preto lan\u00e7a \u00e1lbum dedicado ao A-Ha com concerto no Sesc Palladium<\/strong><\/h3>\n<p style=\"text-align: center;\"><em>A grava\u00e7\u00e3o do concerto, um dos maiores sucessos da forma\u00e7\u00e3o mineira, estar\u00e1 dispon\u00edvel em todas as plataformas digitais a partir do 16 de junho, e o p\u00fablico belo-horizontino poder\u00e1 conferir o repert\u00f3rio ao vivo em apresenta\u00e7\u00e3o no dia 18<\/em><\/p>\n<p>&nbsp;<\/p>\n<p>A discografia da Orquestra Ouro Preto ganha mais um cap\u00edtulo com o lan\u00e7amento, no pr\u00f3ximo dia 16 de junho, em todas as plataformas digitais, do tributo da forma\u00e7\u00e3o mineira dedicado ao A-Ha, a banda norueguesa que marcou toda uma gera\u00e7\u00e3o de f\u00e3s. E, para celebrar a novidade, tem encontro marcado com o p\u00fablico belo-horizontino no dia 18, \u00e0s 11h, no Sesc Palladium, pela s\u00e9rie Domingos Cl\u00e1ssicos.<\/p>\n<p>A grava\u00e7\u00e3o que agora chega ao p\u00fablico j\u00e1 nasceu com grande ades\u00e3o do p\u00fablico da Orquestra e tamb\u00e9m com o aval dos integrantes da banda ic\u00f4nica, que n\u00e3o s\u00f3 liberaram e aprovaram o projeto, como enalteceram o resultado que respeita e valoriza a sonoridade singular do grupo. Um dos requisitos do maestro Rodrigo Toffolo, regente titular e diretor art\u00edstico da Orquestra, durante o processo de registro das can\u00e7\u00f5es realizado na sede da forma\u00e7\u00e3o mineira em Belo Horizonte, era que a experi\u00eancia sonora remetesse \u00e0 \u00e9poca, ao esp\u00edrito e \u00e0s mem\u00f3rias dos anos 80.<\/p>\n<p>Com arranjos de Fred Natalino, o repert\u00f3rio de \u201cOrquestra Ouro Preto: A-Ha\u201d \u00e9 inspirado no \u00e1lbum \u201cOn Tour in Brasil\u201d, lan\u00e7ado pela banda em 1989 e que carrega cl\u00e1ssicos como \u201cTake On Me\u201d, \u201cHunting High and Low\u201d, \u201cCrying in the rain\u201d, em um encontro especial dos riffs dos sintetizadores com os acordes dos instrumentos de cordas.<\/p>\n<p>Talvez tenha sido essa capacidade da Orquestra Ouro Preto de respeitar a obra dos noruegueses, ao mesmo tempo em que coloca sua pr\u00f3pria marca, o elo que levou \u00e0 ades\u00e3o imediata do p\u00fablico e dos pr\u00f3prios artistas homenageados. Desde sua estreia, em formato virtual em maio de 2021, o concerto tem sido um grande sucesso e a repercuss\u00e3o alcan\u00e7ou f\u00e3-clubes do mundo todo e at\u00e9 os integrantes da banda. O tecladista Magne Furuholmen, fundador do A-Ha, postou em sua conta do Instagram elogios \u00e0 apresenta\u00e7\u00e3o, que j\u00e1 soma 200 mil visualiza\u00e7\u00f5es no YouTube.<\/p>\n<p>\u201cO A-Ha fez um enorme sucesso no Brasil, tanto que o nosso \u00e1lbum \u00e9 baseado em um trabalho que eles fizeram especialmente para o nosso pa\u00eds. Pegamos o repert\u00f3rio desse disco, o \u2018On Tour in Brasil\u2019, com mais quatro can\u00e7\u00f5es que n\u00e3o poderiam faltar, e montamos um repert\u00f3rio que, quem viveu os anos 80, vai ficar muito feliz com o resultado\u201d, afirma o maestro Rodrigo Toffolo.<\/p>\n<p>Com 39 anos de estrada, o A-Ha ainda arrasta multid\u00f5es de f\u00e3s por onde passa e segue com a forma\u00e7\u00e3o original: o vocalista Morten Harket, o guitarrista Paul Waaktaar-Savoy e o tecladista Magne Furuholmen. O trio tem 30 CDs e DVDs lan\u00e7ados e hits que marcaram a trilha sonora da vida de muita gente e que ganharam ainda mais evid\u00eancia nos \u00faltimos tempos com a volta dos anos 80 \u00e0s tend\u00eancias no campo da arte, da moda e do entretenimento.<\/p>\n<p>\u201cOrquestra Ouro Preto: A-Ha\u201d \u00e9 a segunda imers\u00e3o da forma\u00e7\u00e3o mineira no universo de bandas internacionais a ser registrada, sendo a primeira delas um mergulho na obra dos Beatles, com dois volumes, tamb\u00e9m referencial na trajet\u00f3ria da Orquestra. Mais um passo dos mineiros rumo \u00e0 internacionaliza\u00e7\u00e3o do seu trabalho, mas tamb\u00e9m uma forma de sempre dialogar com os desejos, os gostos e as demandas de seu p\u00fablico, proporcionando a este sempre as melhores experi\u00eancias.<\/p>\n<p>Diante da excel\u00eancia e da versatilidade dessa uni\u00e3o entre a m\u00fasica de concerto e o pop da banda norueguesa e de toda repercuss\u00e3o junto aos f\u00e3s de ambas as forma\u00e7\u00f5es, fazia-se quase obrigat\u00f3rio perpetuar esse acontecimento com um registro que pudesse alcan\u00e7ar ainda mais pessoas.<\/p>\n<p>\u201cA Orquestra Ouro Preto tem lan\u00e7ado obras com frequ\u00eancia porque eu acredito que a discografia \u00e9 um legado para qualquer artista. O \u00faltimo lan\u00e7amento que realizamos foi um disco dedicado a Haydn e Mozart, e agora lan\u00e7amos o A-Ha. Acho que isso conta muito como \u00e9 a hist\u00f3ria, a maneira de pensar e o trabalho que a Orquestra Ouro Preto vem desenvolvendo ao longo dos anos\u201d, analisa Toffolo.<\/p>\n<p>\u201cOrquestra Ouro Preto: A-Ha\u201d estar\u00e1 dispon\u00edvel em todas as plataformas digitais no dia 16 de junho e a celebra\u00e7\u00e3o na s\u00e9rie Domingos Cl\u00e1ssicos, do Sesc Palladium, no dia 18, \u00e9 uma maneira de retribuir o carinho do p\u00fablico que fielmente, um domingo por m\u00eas, lota o Grande Teatro para acompanhar as apresenta\u00e7\u00f5es da forma\u00e7\u00e3o mineira.<\/p>\n<p>\u201c\u00c9 uma s\u00e9rie muito especial, em que conseguimos mostrar ao nosso p\u00fablico todo o trabalho que estamos desenvolvendo e criando ao longo do tempo. E eu posso dizer que este ser\u00e1 mais um concerto com a cara, o jeito, o ouvido e olhar da Orquestra, em um dia especial em que todos poder\u00e3o sair dali adquirindo e tendo em m\u00e3os o disco e podendo reverberar essa experi\u00eancia com o lan\u00e7amento tamb\u00e9m no streaming\u201d, celebra o maestro.<\/p>\n<p>&nbsp;<\/p>\n<hr \/>\n<p><strong>SERVI\u00c7O<\/strong><br \/>\n<strong>Orquestra Ouro Preto: A-Ha<\/strong><\/p>\n<p>&nbsp;<\/p>\n<p><strong>Lan\u00e7amento do \u00e1lbum<\/strong><\/p>\n<p><strong>Data:<\/strong> Dia 16 de junho de 2023<br \/>\n<strong>Local:<\/strong> Todas as plataformas digitais<\/p>\n<p>&nbsp;<\/p>\n<p><strong>Concerto em Belo Horizonte<\/strong><\/p>\n<p><strong>Data:<\/strong> 18 de junho de 2023<br \/>\n<strong>Hor\u00e1rio:<\/strong> 11 horas<br \/>\n<strong>Local:<\/strong> Grande Teatro do Sesc Palladium<br \/>\n<strong>Ingressos:<\/strong> <a href=\"https:\/\/bileto.sympla.com.br\/event\/82742?utm_source=site-symplabileto-production&amp;utm_medium=webapp_share&amp;utm_campaign=webapp_share_event_82742\"><strong>www.sympla.com.br<\/strong><\/a><\/p>\n","protected":false},"excerpt":{"rendered":"<p>Dia 18\/06, no Sesc Palladium<\/p>\n","protected":false},"author":1,"featured_media":9051,"comment_status":"closed","ping_status":"closed","sticky":false,"template":"","format":"standard","meta":{"footnotes":""},"categories":[289,295],"tags":[],"class_list":{"0":"post-9050","1":"post","2":"type-post","3":"status-publish","4":"format-standard","5":"has-post-thumbnail","7":"category-eventos","8":"category-noticia"},"_links":{"self":[{"href":"https:\/\/www.orquestraouropreto.com.br\/site\/wp-json\/wp\/v2\/posts\/9050","targetHints":{"allow":["GET"]}}],"collection":[{"href":"https:\/\/www.orquestraouropreto.com.br\/site\/wp-json\/wp\/v2\/posts"}],"about":[{"href":"https:\/\/www.orquestraouropreto.com.br\/site\/wp-json\/wp\/v2\/types\/post"}],"author":[{"embeddable":true,"href":"https:\/\/www.orquestraouropreto.com.br\/site\/wp-json\/wp\/v2\/users\/1"}],"replies":[{"embeddable":true,"href":"https:\/\/www.orquestraouropreto.com.br\/site\/wp-json\/wp\/v2\/comments?post=9050"}],"version-history":[{"count":1,"href":"https:\/\/www.orquestraouropreto.com.br\/site\/wp-json\/wp\/v2\/posts\/9050\/revisions"}],"predecessor-version":[{"id":9052,"href":"https:\/\/www.orquestraouropreto.com.br\/site\/wp-json\/wp\/v2\/posts\/9050\/revisions\/9052"}],"wp:featuredmedia":[{"embeddable":true,"href":"https:\/\/www.orquestraouropreto.com.br\/site\/wp-json\/wp\/v2\/media\/9051"}],"wp:attachment":[{"href":"https:\/\/www.orquestraouropreto.com.br\/site\/wp-json\/wp\/v2\/media?parent=9050"}],"wp:term":[{"taxonomy":"category","embeddable":true,"href":"https:\/\/www.orquestraouropreto.com.br\/site\/wp-json\/wp\/v2\/categories?post=9050"},{"taxonomy":"post_tag","embeddable":true,"href":"https:\/\/www.orquestraouropreto.com.br\/site\/wp-json\/wp\/v2\/tags?post=9050"}],"curies":[{"name":"wp","href":"https:\/\/api.w.org\/{rel}","templated":true}]}}