{"id":9139,"date":"2023-07-23T21:39:05","date_gmt":"2023-07-23T21:39:05","guid":{"rendered":"https:\/\/www.orquestraouropreto.com.br\/site\/?p=9139"},"modified":"2023-07-23T21:39:05","modified_gmt":"2023-07-23T21:39:05","slug":"the-beatles-em-bh-2","status":"publish","type":"post","link":"https:\/\/www.orquestraouropreto.com.br\/site\/the-beatles-em-bh-2\/","title":{"rendered":"The Beatles, em BH"},"content":{"rendered":"<p style=\"text-align: center;\">Dia 06 de agosto, no Palladium<br \/>\n<!--more--><\/p>\n<h3 class=\"p1\" style=\"text-align: center;\"><b>CL\u00c1SSICOS DOS BEATLES NA S\u00c9RIE DOMINGOS CL\u00c1SSICOS<\/b><\/h3>\n<p class=\"p2\" style=\"text-align: center;\"><i>Um dos maiores sucessos da Orquestra, o concerto \u201cThe Beatles\u201d, ser\u00e1 apresentado em Belo Horizonte, no dia 6 de agosto, \u00e0s 11h, com ingressos a pre\u00e7os populares<\/i><\/p>\n<p>&nbsp;<\/p>\n<p class=\"p4\">Considerado uma s\u00edntese da excel\u00eancia, ousadia e versatilidade que marcam a forma\u00e7\u00e3o mineira, uma das mais relevantes do pa\u00eds, o concerto \u201cOrquestra Ouro Preto: The Beatles\u201d ter\u00e1 \u00fanica apresenta\u00e7\u00e3o no dia 6 de agosto, \u00e0s 11h, no Sesc Palladium, com ingressos a pre\u00e7os populares que podem ser adquiridos atrav\u00e9s da plataforma online do Sympla e na bilheteria do teatro. O concerto ser\u00e1 realizado atrav\u00e9s da Lei Federal de Incentivo \u00e0 Cultura, com apoio do S\u00e3o Marcos Sa\u00fade e Medicina Diagn\u00f3stica e patroc\u00ednio do Instituto Cultural Vale.<\/p>\n<p><a href=\"https:\/\/bileto.sympla.com.br\/event\/84816?utm_source=site-symplabileto-production&amp;utm_medium=webapp_share&amp;utm_campaign=webapp_share_event_84816\" target=\"_blank\" rel=\"noopener\">Clique aqui para garantir os seus ingressos.<\/a><\/p>\n<p class=\"p4\">Aclamado por p\u00fablico e cr\u00edtica por todo Brasil, o tributo da Orquestra nasceu de uma combina\u00e7\u00e3o inusitada: a uni\u00e3o, em um mesmo palco, de uma forma\u00e7\u00e3o de cordas e uma banda de rock. Essa mistura irreverente rendeu dois tributos da forma\u00e7\u00e3o mineira, proporcionando \u00e0 plateia um verdadeiro mergulho na obra da banda comandada por John Lennon e Paul McCartney.<\/p>\n<p class=\"p5\">Mas o reconhecimento foi al\u00e9m das fronteiras do pa\u00eds, sendo celebrado com aplausos efusivos tamb\u00e9m na Inglaterra, quando foi apresentado na \u201cInternational Beatle Week\u201d, em Liverpool, em tr\u00eas elogiados concertos que tornaram a Orquestra a primeira do mundo a participar do tradicional evento destinado a beatleman\u00edacos de todo o planeta.<\/p>\n<p class=\"p5\">O repert\u00f3rio do concerto abrange todo o per\u00edodo de produ\u00e7\u00e3o art\u00edstica do quarteto ingl\u00eas, com verdadeiros cl\u00e1ssicos no repert\u00f3rio, como \u201cLet It Be\u201d, \u201cHey Jude\u201d, \u201cDon\u2019t Let Me Down\u201d, \u201cWild My Guitar Gently Weeps\u201d, entre outros verdadeiros hinos do Quarteto que encantou o mundo e mudou para sempre a hist\u00f3ria da m\u00fasica do s\u00e9culo XX.<\/p>\n<p class=\"p5\">\u201cOs cl\u00e1ssicos s\u00e3o assim. Voc\u00ea passa a vida inteira lendo Guimar\u00e3es Rosa e ouvindo Beethoven. E os Beatles j\u00e1 fazem parte disso. \u00c9 o poder da m\u00fasica quando se trata de um cl\u00e1ssico: todo mundo quer ouvir sempre. E, a cada vez, \u00e9 uma experi\u00eancia diferente\u201d, analisa Toffolo.<\/p>\n<p>&nbsp;<\/p>\n<hr \/>\n<p class=\"p5\"><b>Servi\u00e7o<\/b><\/p>\n<p class=\"p5\"><strong>Orquestra Ouro Preto: The Beatles<\/strong><\/p>\n<p><b>Data: <\/b>16 de agosto, quarta-feira<br \/>\n<b>Hor\u00e1rio:<\/b> 20h<br \/>\n<b>Local: <\/b>Teatro Municipal Severino Cabral, Avenida Mal. Floriano Peixoto, S\/N &#8211; Centro, Campina Grande &#8211; PB<br \/>\n<b>Ingressos:<\/b> <a href=\"https:\/\/bileto.sympla.com.br\/event\/84816?utm_source=site-symplabileto-production&amp;utm_medium=webapp_share&amp;utm_campaign=webapp_share_event_84816\" target=\"_blank\" rel=\"noopener\">Clique aqui para garantir os seus ingressos.<\/a><\/p>\n","protected":false},"excerpt":{"rendered":"<p>Dia 06 de agosto, no Palladium<\/p>\n","protected":false},"author":1,"featured_media":9140,"comment_status":"closed","ping_status":"closed","sticky":false,"template":"","format":"standard","meta":{"footnotes":""},"categories":[289,295],"tags":[],"class_list":{"0":"post-9139","1":"post","2":"type-post","3":"status-publish","4":"format-standard","5":"has-post-thumbnail","7":"category-eventos","8":"category-noticia"},"_links":{"self":[{"href":"https:\/\/www.orquestraouropreto.com.br\/site\/wp-json\/wp\/v2\/posts\/9139","targetHints":{"allow":["GET"]}}],"collection":[{"href":"https:\/\/www.orquestraouropreto.com.br\/site\/wp-json\/wp\/v2\/posts"}],"about":[{"href":"https:\/\/www.orquestraouropreto.com.br\/site\/wp-json\/wp\/v2\/types\/post"}],"author":[{"embeddable":true,"href":"https:\/\/www.orquestraouropreto.com.br\/site\/wp-json\/wp\/v2\/users\/1"}],"replies":[{"embeddable":true,"href":"https:\/\/www.orquestraouropreto.com.br\/site\/wp-json\/wp\/v2\/comments?post=9139"}],"version-history":[{"count":1,"href":"https:\/\/www.orquestraouropreto.com.br\/site\/wp-json\/wp\/v2\/posts\/9139\/revisions"}],"predecessor-version":[{"id":9141,"href":"https:\/\/www.orquestraouropreto.com.br\/site\/wp-json\/wp\/v2\/posts\/9139\/revisions\/9141"}],"wp:featuredmedia":[{"embeddable":true,"href":"https:\/\/www.orquestraouropreto.com.br\/site\/wp-json\/wp\/v2\/media\/9140"}],"wp:attachment":[{"href":"https:\/\/www.orquestraouropreto.com.br\/site\/wp-json\/wp\/v2\/media?parent=9139"}],"wp:term":[{"taxonomy":"category","embeddable":true,"href":"https:\/\/www.orquestraouropreto.com.br\/site\/wp-json\/wp\/v2\/categories?post=9139"},{"taxonomy":"post_tag","embeddable":true,"href":"https:\/\/www.orquestraouropreto.com.br\/site\/wp-json\/wp\/v2\/tags?post=9139"}],"curies":[{"name":"wp","href":"https:\/\/api.w.org\/{rel}","templated":true}]}}