{"id":9161,"date":"2023-07-29T13:25:30","date_gmt":"2023-07-29T13:25:30","guid":{"rendered":"https:\/\/www.orquestraouropreto.com.br\/site\/?p=9161"},"modified":"2023-08-30T12:45:36","modified_gmt":"2023-08-30T12:45:36","slug":"diogo-nogueira-e-oop-em-sao-paulo","status":"publish","type":"post","link":"https:\/\/www.orquestraouropreto.com.br\/site\/diogo-nogueira-e-oop-em-sao-paulo\/","title":{"rendered":"Diogo e OOP em S\u00e3o Paulo"},"content":{"rendered":"<p style=\"text-align: center;\">Dia 12\/08, no Parque Villa Lobos<br \/>\n<!--more--><\/p>\n<h3 style=\"text-align: center;\"><strong>Diogo Nogueira e Orquestra Ouro Preto fazem apresenta\u00e7\u00e3o gratuita em S\u00e3o Paulo<\/strong><\/h3>\n<p class=\"p3\" style=\"text-align: center;\"><i>\u201cConcerto Popular Brasileiro\u201d une o sambista carioca \u00e0 forma\u00e7\u00e3o mineira com um repert\u00f3rio de cl\u00e1ssicos da MPB em \u00fanica apresenta\u00e7\u00e3o no dia 12 de agosto, \u00e0s 17h, no Parque Villa-Lobos, com entrada gratuita<\/i><\/p>\n<p>&nbsp;<\/p>\n<p>A m\u00fasica de concerto vai cair no samba na maior cidade do pa\u00eds! Diogo Nogueira e a Orquestra Ouro Preto, umas das mais reconhecidas forma\u00e7\u00f5es orquestrais do Brasil, unem o cavaquinho aos violinos no \u201cConcerto Popular Brasileiro\u201d, em \u00fanica apresenta\u00e7\u00e3o no dia 12 de agosto, \u00e0s 17h, no Parque Villa-Lobos, com entrada franca.<\/p>\n<p><a href=\"https:\/\/www.sympla.com.br\/evento\/diogo-nogueira-e-orquestra-ouro-preto\/2094419?share_id=copiarlink\" target=\"_blank\" rel=\"noopener\">Clique aqui para retirar seu ingresso gratuito.<\/a><\/p>\n<p>Mais de 30 mil pessoas conferiram o repert\u00f3rio em julho, na praia de Copacabana, comprovando a beleza da mistura entre os universos erudito e popular. Agora chegou a vez de o p\u00fablico de S\u00e3o Paulo apreciar a excel\u00eancia e a versatilidade da forma\u00e7\u00e3o mineira aliada \u00e0 voz e interpreta\u00e7\u00e3o contagiantes do cantor carioca.<\/p>\n<p>Sob a reg\u00eancia do Maestro Rodrigo Toffolo, \u201cConcerto Popular Brasileiro\u201d apresenta um repert\u00f3rio em homenagem a grandes nomes do samba, mas n\u00e3o se limita ao g\u00eanero, abarcando can\u00e7\u00f5es de grandes nomes da m\u00fasica brasileira como Cazuza, com a rom\u00e2ntica \u201cCodinome Beija-Flor\u201d, Djavan e a poesia de \u201cFlor de Lis\u201d, Ivan Lins e sua emblem\u00e1tica \u201cMadalena\u201d, dentre outros. Al\u00e9m disso, os grandes sucessos do sambista carioca, como os hits \u201cP\u00e9 na Areia\u201d e \u201cT\u00f4 Fazendo a Minha Parte\u201d, tamb\u00e9m prometem agitar a plateia e colocar todo mundo para cantar e dan\u00e7ar junto.<\/p>\n<p>\u201cAcredito na capacidade infinita que uma orquestra tem de incorporar o novo no seu repert\u00f3rio, nos abrindo a possibilidade de fazer samba, pagode, funk, MPB&#8230; Com Diogo Nogueira, vamos mostrar a diversidade da m\u00fasica brasileira\u201d, afirma Rodrigo Toffolo, regente titular e diretor art\u00edstico da Orquestra Ouro Preto.<\/p>\n<p>Segundo Toffolo, a apresenta\u00e7\u00e3o ao lado de Diogo promove uma combina\u00e7\u00e3o perfeita do suingue do samba com o cl\u00e1ssico da m\u00fasica de concerto. \u201c\u00c9 uma grande honra para a Orquestra, que j\u00e1 vem trabalhando com o Diogo h\u00e1 algum tempo, ter um sambista de tamanha qualidade, para fazermos um repert\u00f3rio lindo, com compositores do passado e do presente. Um concerto simplesmente \u00fanico para o p\u00fablico de S\u00e3o Paulo. Estamos muito felizes com essa linda experi\u00eancia\u201d, comemora o maestro.<\/p>\n<p>O sambista refor\u00e7a as palavras do regente e completa: \u201cVai ser muito especial fazer este espet\u00e1culo ao lado da Orquestra Ouro Preto. S\u00e3o m\u00fasicos incr\u00edveis, muito talentosos, comandados pelo Maestro Rodrigo Toffolo. Estou ansioso para nos encontrarmos novamente no palco e revisitarmos o melhor do cancioneiro popular brasileiro, sucessos dos grandes mestres da m\u00fasica nacional. Ser\u00e1 inesquec\u00edvel\u201d, garante o cantor.<\/p>\n<p>A parceria entre Diogo e a Orquestra come\u00e7ou em 2021, quando, durante a pandemia, gravaram esse encontro in\u00e9dito pelo projeto \u201cSulAm\u00e9rica Sessions\u201d, exibido pela internet e canais fechados, levando alegria e acalanto para milhares de pessoas em isolamento social. Agora, com a presen\u00e7a do p\u00fablico, a apresenta\u00e7\u00e3o em S\u00e3o Paulo tem o patroc\u00ednio da SulAm\u00e9rica, por meio da Lei Federal de Incentivo \u00e0 Cultura, com o objetivo de levar m\u00fasica e sa\u00fade integral ao maior n\u00famero de pessoas, unindo p\u00fablicos de todas as idades, ao promover um passeio por diferentes g\u00eaneros musicais. \u201cApoiamos projetos culturais e art\u00edsticos, pois acreditamos na contribui\u00e7\u00e3o deles para uma vida mais integrada e saud\u00e1vel, com bem-estar f\u00edsico e emocional para todos\u201d, afirma Simone Cesena, diretora de Marketing da companhia.<\/p>\n<p>\u201cConcerto Popular Brasileiro\u201d ter\u00e1 \u00fanica apresenta\u00e7\u00e3o no dia 12 de agosto, \u00e0s 17h, no Parque Villa-Lobos, com entrada franca. \u00c9 necess\u00e1rio a retirada antecipada de ingressos pelo Sympla. A entrada est\u00e1 sujeita \u00e0 lota\u00e7\u00e3o do espa\u00e7o. A abertura dos port\u00f5es ser\u00e1 \u00e0s 14h, e o p\u00fablico ir\u00e1 encontrar uma estrutura com diversos food trucks com oferta de alimentos e bebidas, permitindo que as pessoas cheguem com anteced\u00eancia ao local e se acomodem de forma confort\u00e1vel para aproveitarem ao m\u00e1ximo essa experi\u00eancia.<\/p>\n<p>&nbsp;<\/p>\n<hr \/>\n<p><strong>SERVI\u00c7O<\/strong><br \/>\n<strong>Diogo Nogueira e Orquestra Ouro Preto: Concerto Popular Brasileiro<\/strong><\/p>\n<p>&nbsp;<\/p>\n<p><strong>Data:<\/strong> 12 de agosto de 2023<br \/>\n<strong>Hor\u00e1rio:<\/strong> 17 horas (Abertura dos port\u00f5es: 14h)<br \/>\n<strong>Local:<\/strong> Parque Villa-Lobos (Av. Professor Fonseca Rodrigues, 2001, Alto dos Pinheiros)<br \/>\n<strong>Ingressos:<\/strong> Retirada de ingressos com anteced\u00eancia no Sympla (sujeito \u00e0 lota\u00e7\u00e3o do espa\u00e7o).<br \/>\n<strong>Link:<\/strong> <a href=\"https:\/\/www.sympla.com.br\/evento\/diogo-nogueira-e-orquestra-ouro-preto\/2094419?share_id=copiarlink\" target=\"_blank\" rel=\"noopener\">Clique aqui para retirar seu ingresso gratuito.<\/a><\/p>\n","protected":false},"excerpt":{"rendered":"<p>Dia 12\/08, no Parque Villa Lobos<\/p>\n","protected":false},"author":1,"featured_media":9162,"comment_status":"closed","ping_status":"closed","sticky":false,"template":"","format":"standard","meta":{"footnotes":""},"categories":[289,295],"tags":[],"class_list":{"0":"post-9161","1":"post","2":"type-post","3":"status-publish","4":"format-standard","5":"has-post-thumbnail","7":"category-eventos","8":"category-noticia"},"_links":{"self":[{"href":"https:\/\/www.orquestraouropreto.com.br\/site\/wp-json\/wp\/v2\/posts\/9161","targetHints":{"allow":["GET"]}}],"collection":[{"href":"https:\/\/www.orquestraouropreto.com.br\/site\/wp-json\/wp\/v2\/posts"}],"about":[{"href":"https:\/\/www.orquestraouropreto.com.br\/site\/wp-json\/wp\/v2\/types\/post"}],"author":[{"embeddable":true,"href":"https:\/\/www.orquestraouropreto.com.br\/site\/wp-json\/wp\/v2\/users\/1"}],"replies":[{"embeddable":true,"href":"https:\/\/www.orquestraouropreto.com.br\/site\/wp-json\/wp\/v2\/comments?post=9161"}],"version-history":[{"count":5,"href":"https:\/\/www.orquestraouropreto.com.br\/site\/wp-json\/wp\/v2\/posts\/9161\/revisions"}],"predecessor-version":[{"id":9223,"href":"https:\/\/www.orquestraouropreto.com.br\/site\/wp-json\/wp\/v2\/posts\/9161\/revisions\/9223"}],"wp:featuredmedia":[{"embeddable":true,"href":"https:\/\/www.orquestraouropreto.com.br\/site\/wp-json\/wp\/v2\/media\/9162"}],"wp:attachment":[{"href":"https:\/\/www.orquestraouropreto.com.br\/site\/wp-json\/wp\/v2\/media?parent=9161"}],"wp:term":[{"taxonomy":"category","embeddable":true,"href":"https:\/\/www.orquestraouropreto.com.br\/site\/wp-json\/wp\/v2\/categories?post=9161"},{"taxonomy":"post_tag","embeddable":true,"href":"https:\/\/www.orquestraouropreto.com.br\/site\/wp-json\/wp\/v2\/tags?post=9161"}],"curies":[{"name":"wp","href":"https:\/\/api.w.org\/{rel}","templated":true}]}}