{"id":9170,"date":"2023-07-29T13:08:58","date_gmt":"2023-07-29T13:08:58","guid":{"rendered":"https:\/\/www.orquestraouropreto.com.br\/site\/?p=9170"},"modified":"2023-07-29T13:08:58","modified_gmt":"2023-07-29T13:08:58","slug":"jazzcorde-on-no-memorial","status":"publish","type":"post","link":"https:\/\/www.orquestraouropreto.com.br\/site\/jazzcorde-on-no-memorial\/","title":{"rendered":"Jazzcorde-on no Memorial"},"content":{"rendered":"<p style=\"text-align: center;\">Dia 10 de agosto, em BH<br \/>\n<!--more--><\/p>\n<h3 style=\"text-align: center;\"><strong>Trio celebra a pluralidade do acorde\u00e3o no Memorial Minas Gerais<\/strong><\/h3>\n<p style=\"text-align: center;\"><em>Com curadoria da Orquestra Ouro Preto, Jazzcorde-on se apresenta gratuitamente no dia 10 de agosto<\/em><\/p>\n<p><em>\u00a0<\/em><\/p>\n<p><em>\u00a0<\/em>O Memorial Minas Gerais Vale abriga o quinto concerto da S\u00e9rie \u201cM\u00fasica de C\u00e2mara\u201d, com a apresenta\u00e7\u00e3o do trio Jazzcorde-on. O concerto acontece no dia 10 de agosto, \u00e0s 19h, com entrada gratuita. A curadoria \u00e9 da Orquestra Ouro Preto e a programa\u00e7\u00e3o ao longo do ano prev\u00ea a apresenta\u00e7\u00e3o de uma s\u00e9rie de duos, trios e quartetos formados por artistas que s\u00e3o refer\u00eancia em seus instrumentos e se destacam no universo da m\u00fasica sinf\u00f4nica ou popular.<\/p>\n<p>A proposta do projeto Jazzcorde-on \u00e9 explorar e resgatar as diversas caracter\u00edsticas, propriedades e a beleza do acorde\u00e3o. O polivalente instrumento, apesar de ser bem conhecido no Brasil, ainda se mant\u00e9m restrito musicalmente por sua imagem atrelada a alguns estilos musicais. A ideia do projeto, liderado pelo m\u00fasico Marx Marreiro, \u00e9 justamente ilustrar o quanto o instrumento \u00e9 universal e como ele \u00e9 tocado ao redor do mundo.<\/p>\n<p>O repert\u00f3rio do grupo resgata a diversidade estil\u00edstica e riqueza musical do acorde\u00e3o, levando ao p\u00fablico a mescla de g\u00eaneros e estilos cl\u00e1ssicos onde este instrumento \u00e9 protagonista. Do tango ao forr\u00f3, da guar\u00e2nia \u00e0s m\u00fasicas francesas, a ideia \u00e9 mesclar concep\u00e7\u00f5es e tend\u00eancias com doses de improvisa\u00e7\u00e3o decorrentes do jazz e da m\u00fasica brasileira.<\/p>\n<p>Al\u00e9m de m\u00fasicas autorais o grupo formado ainda por Vin\u00edcius Mendes, ao saxofone, e Rafael Rafles, ao viol\u00e3o, apresenta \u00edcones nacionais e internacionais como Astor Piazzolla, Richard Galliano, Sivuca, Renato Borguetti, Carlos Gardel, Dominguinhos entre outros.<\/p>\n<p>&nbsp;<\/p>\n<hr \/>\n<p><strong>SOBRE O M\u00daSICA DE C\u00c2MARA <\/strong><\/p>\n<p>Com apresenta\u00e7\u00f5es intimistas, o \u201cM\u00fasica de C\u00e2mara\u201d apresenta ao p\u00fablico, uma vez por m\u00eas, trabalhos de artistas que v\u00eam escrevendo seus nomes na m\u00fasica brasileira contempor\u00e2nea, enaltecendo principalmente a cena da capital mineira, t\u00e3o rica e diversa.<\/p>\n<p>O projeto \u201cM\u00fasica de C\u00e2mara\u201d d\u00e1 continuidade \u00e0 parceria entre a forma\u00e7\u00e3o mineira e o Memorial Vale, iniciada em 2019 com o projeto \u201cMulheres na M\u00fasica\u201d, que homenageava compositoras, instrumentistas e pesquisadoras de destaque na cena mineira, mas foi interrompido pela pandemia de Covid. A curadoria vai ao encontro da voca\u00e7\u00e3o do espa\u00e7o localizado na pra\u00e7a da Liberdade, valorizando as tradi\u00e7\u00f5es e a arte do nosso estado sem perder de vista o olhar contempor\u00e2neo.<\/p>\n<p>&nbsp;<\/p>\n<hr \/>\n<p><strong>SERVI\u00c7O<\/strong><br \/>\n<strong>M\u00fasica de C\u00e2mara \u2013 Jazzcorde-on<\/strong><\/p>\n<p><strong>Data: <\/strong>10 de agosto de 2023, quinta-feira<br \/>\n<strong>Hor\u00e1rio: <\/strong>19 horas<br \/>\n<strong>Ingressos: <\/strong>Retirada gratuita, uma hora antes do evento, no Memorial Minas Gerais Vale (Pra\u00e7a da Liberdade, 640 &#8211; Savassi, Belo Horizonte).<\/p>\n","protected":false},"excerpt":{"rendered":"<p>Dia 10 de agosto, em BH<\/p>\n","protected":false},"author":1,"featured_media":9171,"comment_status":"closed","ping_status":"closed","sticky":false,"template":"","format":"standard","meta":{"footnotes":""},"categories":[289,295],"tags":[],"class_list":{"0":"post-9170","1":"post","2":"type-post","3":"status-publish","4":"format-standard","5":"has-post-thumbnail","7":"category-eventos","8":"category-noticia"},"_links":{"self":[{"href":"https:\/\/www.orquestraouropreto.com.br\/site\/wp-json\/wp\/v2\/posts\/9170","targetHints":{"allow":["GET"]}}],"collection":[{"href":"https:\/\/www.orquestraouropreto.com.br\/site\/wp-json\/wp\/v2\/posts"}],"about":[{"href":"https:\/\/www.orquestraouropreto.com.br\/site\/wp-json\/wp\/v2\/types\/post"}],"author":[{"embeddable":true,"href":"https:\/\/www.orquestraouropreto.com.br\/site\/wp-json\/wp\/v2\/users\/1"}],"replies":[{"embeddable":true,"href":"https:\/\/www.orquestraouropreto.com.br\/site\/wp-json\/wp\/v2\/comments?post=9170"}],"version-history":[{"count":1,"href":"https:\/\/www.orquestraouropreto.com.br\/site\/wp-json\/wp\/v2\/posts\/9170\/revisions"}],"predecessor-version":[{"id":9172,"href":"https:\/\/www.orquestraouropreto.com.br\/site\/wp-json\/wp\/v2\/posts\/9170\/revisions\/9172"}],"wp:featuredmedia":[{"embeddable":true,"href":"https:\/\/www.orquestraouropreto.com.br\/site\/wp-json\/wp\/v2\/media\/9171"}],"wp:attachment":[{"href":"https:\/\/www.orquestraouropreto.com.br\/site\/wp-json\/wp\/v2\/media?parent=9170"}],"wp:term":[{"taxonomy":"category","embeddable":true,"href":"https:\/\/www.orquestraouropreto.com.br\/site\/wp-json\/wp\/v2\/categories?post=9170"},{"taxonomy":"post_tag","embeddable":true,"href":"https:\/\/www.orquestraouropreto.com.br\/site\/wp-json\/wp\/v2\/tags?post=9170"}],"curies":[{"name":"wp","href":"https:\/\/api.w.org\/{rel}","templated":true}]}}