{"id":9211,"date":"2023-08-24T20:28:44","date_gmt":"2023-08-24T20:28:44","guid":{"rendered":"https:\/\/www.orquestraouropreto.com.br\/site\/?p=9211"},"modified":"2023-08-24T20:28:44","modified_gmt":"2023-08-24T20:28:44","slug":"lendas-do-rock-em-paracatu","status":"publish","type":"post","link":"https:\/\/www.orquestraouropreto.com.br\/site\/lendas-do-rock-em-paracatu\/","title":{"rendered":"Lendas do Rock em Paracatu"},"content":{"rendered":"<p style=\"text-align: center;\">Dia 02\/09, em evento gratuito<br \/>\n<!--more--><\/p>\n<h3 style=\"text-align: center;\"><strong>ORQUESTRA OURO PRETO APRESENTA \u201cLENDAS DO ROCK\u201d EM PARACATU<\/strong><\/h3>\n<p style=\"text-align: center;\"><em>Concerto que une cl\u00e1ssicos do Queen, Pink Floyd, Metallica, Guns, entre outros, ter\u00e1 \u00fanica apresenta\u00e7\u00e3o no dia 2 de setembro, s\u00e1bado, \u00e0s 19h30, com entrada franca<\/em><\/p>\n<p><em>\u00a0<\/em><\/p>\n<p>A Orquestra Ouro Preto est\u00e1 de volta a Paracatu trazendo na bagagem uma sele\u00e7\u00e3o dos maiores cl\u00e1ssicos da hist\u00f3ria do rock! A forma\u00e7\u00e3o mineira vem prestando tributos a grandes \u00edcones do g\u00eanero ao longo de sua trajet\u00f3ria, sempre com plateias lotadas. \u201cLendas do Rock\u201d eleva essa experi\u00eancia \u00e0 m\u00e1xima pot\u00eancia com grandes sucessos de algumas das maiores bandas de todos os tempos. O concerto, que faz parte da programa\u00e7\u00e3o do Integrar na Pra\u00e7a, com patroc\u00ednio da Kinross, ter\u00e1 \u00fanica apresenta\u00e7\u00e3o no dia 2 de setembro, s\u00e1bado, \u00e0s 19h30, na Avenida Oleg\u00e1rio Maciel, pr\u00f3ximo \u00e0 antiga prefeitura da cidade. A entrada \u00e9 franca.<\/p>\n<p>F\u00e3s de diversas bandas que marcaram a hist\u00f3ria da m\u00fasica do s\u00e9culo XX, de Beatles a Nirvana, j\u00e1 foram presenteados com as vers\u00f5es sempre surpreendentes e com a marca da excel\u00eancia e da versatilidade que a Orquestra imprime. Mas n\u00e3o foram nada raros os pedidos para que o pr\u00f3ximo tributo fosse a este ou aquele outro grupo. A solu\u00e7\u00e3o foi unir um verdadeiro pante\u00e3o de roqueiros para criar um repert\u00f3rio que desfila sucessos que ultrapassaram a barreira do tempo.<\/p>\n<p>O setlist abre espa\u00e7o para o quarteto de Liverpool, que nunca pode faltar a uma celebra\u00e7\u00e3o dessas, assim como para os Rolling Stones, que j\u00e1 foram homenageados pela Orquestra em outros trabalhos. Mas soma a eles a for\u00e7a dram\u00e1tica do Queen em sua \u201cBohemian Rapsody\u201d, a genialidade de Jimmy Page e Robert Plant no Led Zeppelin, que em 1971 deram \u00e0 luz a nada menos que \u201cStairway To Heaven\u201d, que passeia entre o ac\u00fastico e o el\u00e9trico com a simplicidade dos g\u00eanios.<\/p>\n<p>O repert\u00f3rio ganha peso com \u201cEnter Sandman\u201d, do Metallica, e j\u00e1 convida o Deep Purple e um dos riffs mais ic\u00f4nicos de guitarra presente em \u201cSmoke on the Water\u201d para entrar em cena, seguidas por can\u00e7\u00f5es do Guns N\u2019 Roses e do Pink Floyd, mostrando toda a diversidade e qualidades musicais desse tal de rock n\u2019 roll que simplesmente mudou a hist\u00f3ria.<\/p>\n<p>\u201cO esp\u00edrito rock n\u2019roll permeia a hist\u00f3ria da Orquestra Ouro Preto. Acredito que o que define o g\u00eanero est\u00e1 relacionado com a atitude transgressora, com a personalidade. E essa ousadia est\u00e1 incrustada em nossa dire\u00e7\u00e3o art\u00edstica e a\u00e7\u00f5es que visam quebrar barreiras e vencer tabus\u201d, afirma o maestro Rodrigo Toffolo, regente titular e que, vez ou outra, \u00e9 visto com suas camisas do Nirvana, Beatles e outras bandas.<\/p>\n<p>Paracatu \u00e9 a primeira parada do concerto que estreou em julho em Belo Horizonte com ingressos esgotados e contou com um p\u00fablico animado, que reagia de forma entusiasmada a cada novo hino do rock interpretado pelos instrumentistas da Orquestra.<\/p>\n<p>A apresenta\u00e7\u00e3o da forma\u00e7\u00e3o mineira e toda a programa\u00e7\u00e3o do Integrar na Pra\u00e7a ser\u00e1 um momento para reunir a fam\u00edlia, os amigos e se divertir por meio de diversas atividades de cultura, educa\u00e7\u00e3o e lazer.<\/p>\n<p>\u201cA m\u00fasica da Orquestra Ouro Preto \u00e9 um presente para a nossa cidade neste dia t\u00e3o especial em que compartilhamos e refor\u00e7amos o nosso compromisso de promover o acesso \u00e0 educa\u00e7\u00e3o, lazer, cultura e espa\u00e7os de intera\u00e7\u00e3o para a comunidade\u201d, afirma Ana Cunha, diretora de Rela\u00e7\u00f5es Governamentais e Responsabilidade Social da Kinross.<\/p>\n<p>&nbsp;<\/p>\n<hr \/>\n<p><strong>SERVI\u00c7O<\/strong><br \/>\n<strong>Orquestra Ouro Preto: Lendas do Rock em Paracatu<\/strong><\/p>\n<p><strong>Data:<\/strong> 2 de setembro de 2023<br \/>\n<strong>Hor\u00e1rio:<\/strong> \u00c0s 19h30<br \/>\n<strong>Local:<\/strong> Avenida Oleg\u00e1rio Maciel (perto da antiga prefeitura)<br \/>\n<strong>Ingressos:<\/strong> Entrada franca<\/p>\n","protected":false},"excerpt":{"rendered":"<p>Dia 02\/09, em evento gratuito<\/p>\n","protected":false},"author":1,"featured_media":9212,"comment_status":"closed","ping_status":"closed","sticky":false,"template":"","format":"standard","meta":{"footnotes":""},"categories":[289,295],"tags":[],"class_list":{"0":"post-9211","1":"post","2":"type-post","3":"status-publish","4":"format-standard","5":"has-post-thumbnail","7":"category-eventos","8":"category-noticia"},"_links":{"self":[{"href":"https:\/\/www.orquestraouropreto.com.br\/site\/wp-json\/wp\/v2\/posts\/9211","targetHints":{"allow":["GET"]}}],"collection":[{"href":"https:\/\/www.orquestraouropreto.com.br\/site\/wp-json\/wp\/v2\/posts"}],"about":[{"href":"https:\/\/www.orquestraouropreto.com.br\/site\/wp-json\/wp\/v2\/types\/post"}],"author":[{"embeddable":true,"href":"https:\/\/www.orquestraouropreto.com.br\/site\/wp-json\/wp\/v2\/users\/1"}],"replies":[{"embeddable":true,"href":"https:\/\/www.orquestraouropreto.com.br\/site\/wp-json\/wp\/v2\/comments?post=9211"}],"version-history":[{"count":1,"href":"https:\/\/www.orquestraouropreto.com.br\/site\/wp-json\/wp\/v2\/posts\/9211\/revisions"}],"predecessor-version":[{"id":9213,"href":"https:\/\/www.orquestraouropreto.com.br\/site\/wp-json\/wp\/v2\/posts\/9211\/revisions\/9213"}],"wp:featuredmedia":[{"embeddable":true,"href":"https:\/\/www.orquestraouropreto.com.br\/site\/wp-json\/wp\/v2\/media\/9212"}],"wp:attachment":[{"href":"https:\/\/www.orquestraouropreto.com.br\/site\/wp-json\/wp\/v2\/media?parent=9211"}],"wp:term":[{"taxonomy":"category","embeddable":true,"href":"https:\/\/www.orquestraouropreto.com.br\/site\/wp-json\/wp\/v2\/categories?post=9211"},{"taxonomy":"post_tag","embeddable":true,"href":"https:\/\/www.orquestraouropreto.com.br\/site\/wp-json\/wp\/v2\/tags?post=9211"}],"curies":[{"name":"wp","href":"https:\/\/api.w.org\/{rel}","templated":true}]}}