{"id":9259,"date":"2023-09-13T13:58:10","date_gmt":"2023-09-13T13:58:10","guid":{"rendered":"https:\/\/www.orquestraouropreto.com.br\/site\/?p=9259"},"modified":"2023-09-13T14:06:15","modified_gmt":"2023-09-13T14:06:15","slug":"orquestra-e-pe-de-sonho","status":"publish","type":"post","link":"https:\/\/www.orquestraouropreto.com.br\/site\/orquestra-e-pe-de-sonho\/","title":{"rendered":"Orquestra e P\u00e9 de Sonho"},"content":{"rendered":"<p style=\"text-align: center;\">Dia 08\/10, em Belo Horizonte<br \/>\n<!--more--><\/p>\n<h3 style=\"text-align: center;\"><strong>ORQUESTRA OURO PRETO E P\u00c9 DE SONHO FAZEM CONCERTO ESPECIAL PARA O DIA DAS CRIAN\u00c7AS<\/strong><\/h3>\n<p style=\"text-align: center;\"><em>Programa vai divertir a meninada com releituras orquestradas de m\u00fasicas infantis; \u00fanica apresenta\u00e7\u00e3o dia 8 de outubro, \u00e0s 11h, no Sesc Palladium<\/em><\/p>\n<p>&nbsp;<\/p>\n<p>A excel\u00eancia e versatilidade da Orquestra Ouro Preto se comprovam a cada projeto que evidencia sua capacidade de dialogar com g\u00eaneros, estilos e linguagens, levando a m\u00fasica de concerto aos p\u00fablicos mais diversos. Dessa vez, a meninada \u00e9 que ganha um espet\u00e1culo especial para celebrar o Dia das Crian\u00e7as, com o encontro entre a forma\u00e7\u00e3o mineira e o grupo P\u00e9 de Sonho. A apresenta\u00e7\u00e3o ser\u00e1 no dia 8 de outubro, \u00e0s 11h, Sesc Palladium, pela s\u00e9rie Domingos Cl\u00e1ssicos.<\/p>\n<p><a href=\"https:\/\/bileto.sympla.com.br\/event\/86787?utm_source=site-symplabileto-production&amp;utm_medium=webapp_share&amp;utm_campaign=webapp_share_event_86787\" target=\"_blank\" rel=\"noopener\">Clique aqui para garantir seus ingressos.<\/a><\/p>\n<p>O concerto promove o encontro entre dois dos mais representativos grupos mineiros em suas respectivas \u00e1reas. A proposta \u00e9 aliar can\u00e7\u00f5es de sucesso do grupo P\u00e9 de Sonho \u00e0 assinatura singular que a Orquestra Ouro Preto empresta \u00e0s suas interpreta\u00e7\u00f5es, o que a tornou uma das mais reconhecidas representantes da m\u00fasica de concerto produzida no pa\u00eds. Essa uni\u00e3o deu origem a uma marcante e inovadora experi\u00eancia sensorial, com a utiliza\u00e7\u00e3o de sonoridades inusitadas e instigantes, cujo resultado \u00e9 um clima de leveza, encanto e ousadia de forma a envolver crian\u00e7as e adultos nesse universo l\u00fadico e musical.<\/p>\n<p>Os arranjos s\u00e3o de Weber Lopes e Tim Rescala e a reg\u00eancia fica a cargo do maestro Rodrigo Toffolo, regente titular e diretor art\u00edstico da Orquestra, que, ao longo de sua trajet\u00f3ria, sempre reservou espa\u00e7o nobre para projetos ligados ao p\u00fablico infantil, tendo como norte a miss\u00e3o de democratizar o acesso \u00e0 m\u00fasica de concerto e formar novas plateias para o futuro.<\/p>\n<p>Para este projeto, tanto o grupo musical quanto a forma\u00e7\u00e3o orquestral partiram do princ\u00edpio de que criar releituras orquestrais das can\u00e7\u00f5es do P\u00e9 de Sonho exprime a estima e a import\u00e2ncia com a qual a inf\u00e2ncia deve ser tratada, al\u00e9m da cren\u00e7a na capacidade de a crian\u00e7a trocar experi\u00eancias de forma leve, espont\u00e2nea e surpreendente \u00e9 perfeitamente compat\u00edvel com a complexa, profunda e tocante sonoridade alcan\u00e7ada no concerto. O repert\u00f3rio conta com sucessos como \u201cBicho de Boc\u00e3o\u201d, \u201cL\u00e1 vai Chapeuzinho\u201d, \u201cRock da Barata\u201d, \u201cUrso, Borboleta Azul\u201d, \u201cDrag\u00e3o\u201d e muitos outros.<\/p>\n<p>\u201cQuando tocamos com uma orquestra, entramos em um universo diferente, a performance \u00e9 mais cuidadosa, seguimos um ritmo mais complexo, leve e grandioso. Temos certeza que o p\u00fablico vai apreciar entrar nessa outra esfera com a gente\u201d, ressalta Geovane Sass\u00e1, respons\u00e1vel por voz e percuss\u00e3o do P\u00e9 de Sonho. \u201cIsso permite uma releitura muito interessante das can\u00e7\u00f5es com os arranjos elaborados. Pra gente tem sido incr\u00edvel proporcionar essa nova perspectiva para as crian\u00e7as\u201d, completa Weber Lopes.<\/p>\n<p>&nbsp;<\/p>\n<p><strong>SOBRE O GRUPO P\u00c9 DE SONHO <\/strong><\/p>\n<p>O grupo surgiu para levar \u00e0s crian\u00e7as a magia da m\u00fasica produzida por dois craques da m\u00fasica:\u00a0<strong>Weber Lopes<\/strong>\u00a0\u00e9 violonista, compositor e arranjador, com talento reconhecido n\u00e3o s\u00f3 no Brasil, mas em muitos pa\u00edses da Europa, al\u00e9m da Austr\u00e1lia e Nova Zel\u00e2ndia. Percussionista, educador e performer,\u00a0<strong>Geovanne Sass\u00e1<\/strong>\u00a0\u00e9 integrante do Grupo Tambolel\u00ea, com o qual realizou in\u00fameras turn\u00eas pelo exterior, al\u00e9m de ser considerado um dos maiores oficineiros do pa\u00eds.<\/p>\n<p>P\u00e9 de Sonho \u00e9 um universo repleto de magia. \u00c9 um mundo onde reina a criatividade, o humor, a alegria e a musicalidade.<\/p>\n<p>&nbsp;<\/p>\n<hr \/>\n<p><strong>SERVI\u00c7O<\/strong><br \/>\n<strong>Orquestra Ouro Preto e P\u00e9 de Sonho<\/strong><\/p>\n<p><strong>Data:<\/strong> 8 de outubro de 2023, domingo<br \/>\n<strong>Hor\u00e1rio:<\/strong> 11 horas<br \/>\n<strong>Local: <\/strong>Grande Teatro do Sesc Palladium (rua Rio de Janeiro, 1046, centro)<br \/>\n<strong>Ingressos:<\/strong> <a href=\"https:\/\/bileto.sympla.com.br\/event\/86787?utm_source=site-symplabileto-production&amp;utm_medium=webapp_share&amp;utm_campaign=webapp_share_event_86787\" target=\"_blank\" rel=\"noopener\">Clique aqui para garantir seus ingressos.<\/a><\/p>\n","protected":false},"excerpt":{"rendered":"<p>Dia 08\/10, em Belo Horizonte<\/p>\n","protected":false},"author":1,"featured_media":9260,"comment_status":"closed","ping_status":"closed","sticky":false,"template":"","format":"standard","meta":{"footnotes":""},"categories":[289,295],"tags":[],"class_list":{"0":"post-9259","1":"post","2":"type-post","3":"status-publish","4":"format-standard","5":"has-post-thumbnail","7":"category-eventos","8":"category-noticia"},"_links":{"self":[{"href":"https:\/\/www.orquestraouropreto.com.br\/site\/wp-json\/wp\/v2\/posts\/9259","targetHints":{"allow":["GET"]}}],"collection":[{"href":"https:\/\/www.orquestraouropreto.com.br\/site\/wp-json\/wp\/v2\/posts"}],"about":[{"href":"https:\/\/www.orquestraouropreto.com.br\/site\/wp-json\/wp\/v2\/types\/post"}],"author":[{"embeddable":true,"href":"https:\/\/www.orquestraouropreto.com.br\/site\/wp-json\/wp\/v2\/users\/1"}],"replies":[{"embeddable":true,"href":"https:\/\/www.orquestraouropreto.com.br\/site\/wp-json\/wp\/v2\/comments?post=9259"}],"version-history":[{"count":2,"href":"https:\/\/www.orquestraouropreto.com.br\/site\/wp-json\/wp\/v2\/posts\/9259\/revisions"}],"predecessor-version":[{"id":9266,"href":"https:\/\/www.orquestraouropreto.com.br\/site\/wp-json\/wp\/v2\/posts\/9259\/revisions\/9266"}],"wp:featuredmedia":[{"embeddable":true,"href":"https:\/\/www.orquestraouropreto.com.br\/site\/wp-json\/wp\/v2\/media\/9260"}],"wp:attachment":[{"href":"https:\/\/www.orquestraouropreto.com.br\/site\/wp-json\/wp\/v2\/media?parent=9259"}],"wp:term":[{"taxonomy":"category","embeddable":true,"href":"https:\/\/www.orquestraouropreto.com.br\/site\/wp-json\/wp\/v2\/categories?post=9259"},{"taxonomy":"post_tag","embeddable":true,"href":"https:\/\/www.orquestraouropreto.com.br\/site\/wp-json\/wp\/v2\/tags?post=9259"}],"curies":[{"name":"wp","href":"https:\/\/api.w.org\/{rel}","templated":true}]}}