{"id":9422,"date":"2023-11-24T17:43:05","date_gmt":"2023-11-24T17:43:05","guid":{"rendered":"https:\/\/www.orquestraouropreto.com.br\/site\/?p=9422"},"modified":"2023-11-26T11:53:49","modified_gmt":"2023-11-26T11:53:49","slug":"lendas-da-black-music","status":"publish","type":"post","link":"https:\/\/www.orquestraouropreto.com.br\/site\/lendas-da-black-music\/","title":{"rendered":"Lendas da Black Music"},"content":{"rendered":"<p style=\"text-align: center;\">Dia 18\/11, no Sesc Palladium<br \/>\n<!--more--><\/p>\n<h3 style=\"text-align: center;\"><strong>ORQUESTRA OURO PRETO NO BALAN\u00c7O DA BLACK MUSIC<\/strong><\/h3>\n<p style=\"text-align: center;\"><em>Grandes cl\u00e1ssicos da m\u00fasica negra v\u00e3o embalar o p\u00fablico em novo concerto da Orquestra que estreia no dia 18 de novembro, \u00e0s 20h30, no Sesc Palladium; apresenta\u00e7\u00e3o tamb\u00e9m presta tributo a \u00edcones do estilo no Brasil com participa\u00e7\u00e3o de crian\u00e7as do coro do Programa Vale M\u00fasica Brumadinho<\/em><\/p>\n<p><em>\u00a0<\/em><\/p>\n<p>A Orquestra Ouro Preto vai entrar no embalo da black music. Dando sequ\u00eancia \u00e0 s\u00e9rie de homenagens a grandes g\u00eaneros que vem realizando ao longo de 2023, iniciada com repert\u00f3rios inteiros dedicados a cl\u00e1ssicos do rock e do jazz, a forma\u00e7\u00e3o mineira encerra a trilogia celebrativa com o espet\u00e1culo \u201cLendas da Black Music\u201d, e se volta a um dos momentos mais especiais da hist\u00f3ria da m\u00fasica do s\u00e9culo XX, n\u00e3o s\u00f3 por seu poder sonoro incompar\u00e1vel, mas tamb\u00e9m por seu papel hist\u00f3rico e mobilizador. O concerto estreia no dia 18 de novembro, \u00e0s 20h30, no Grande Teatro do Sesc Palladium, e tem o patroc\u00ednio do Instituto Cultural Vale, atrav\u00e9s da Lei Federal de Incentivo \u00e0 Cultura.<\/p>\n<p><a href=\"https:\/\/bileto.sympla.com.br\/event\/88139?utm_source=site-symplabileto-production&amp;utm_medium=webapp_share&amp;utm_campaign=webapp_share_event_88139\" target=\"_blank\" rel=\"noopener\">Clique aqui para garantir seus ingressos.<\/a><\/p>\n<p>Mais que um g\u00eanero musical, a Black Music \u2013 e suas facetas como o funk e o R&amp;B \u2013 representou um grito de resist\u00eancia contra o racismo nos Estados Unidos. Criado no fim dos anos 50, tendo seu \u00e1pice nas duas d\u00e9cadas seguintes, o estilo se consagrou n\u00e3o apenas pela sua caracter\u00edstica dan\u00e7ante, mas tamb\u00e9m por sua forte identifica\u00e7\u00e3o com a luta pelos direitos civis da popula\u00e7\u00e3o negra.<\/p>\n<p>Passados mais de 70 anos, a luta contra a discrimina\u00e7\u00e3o racial e a igualdade de direitos permanece urgente. Dar visibilidade a esse repert\u00f3rio \u00e9 enfatizar a for\u00e7a da m\u00fasica em sua m\u00e1xima pot\u00eancia, embalando corpo, alma e cora\u00e7\u00f5es, transformando c\u00e9rebros e realidades, por meio de um repert\u00f3rio representado por \u00edcones como Marvin Gaye, Steve Wonder, Diana Ross, Lionel Ritchie, entre outros v\u00e1rios grandes nomes da \u00e9poca.<\/p>\n<p>Em \u201cLendas da Black Music\u201d, o p\u00fablico \u00e9 convidado a fazer essa viagem ao tempo, experimentando por meio dos arranjos da Orquestra Ouro Preto a est\u00e9tica e a musicalidade que marcaram gera\u00e7\u00f5es nos anos 60, 70 e in\u00edcio de 80, tendo como guia verdadeiros hinos da discografia dos Jackson 5 e seu mais carism\u00e1tico integrante, Michael Jackson, de \u201cABC\u201d, \u201cI\u2019ll Be There\u201d e \u201cI Want You Back\u201d, chegando a \u201cDon\u2019t Stop Until You Get Enough\u201d, mostrando a for\u00e7a desse artista que transitou, sempre com sucesso, por tantas d\u00e9cadas de \u00e1pice do estilo ao redor do mundo.<\/p>\n<p>E as surpresas n\u00e3o param por a\u00ed. Para abrilhantar a apresenta\u00e7\u00e3o, a Orquestra Ouro Preto, atrav\u00e9s do Programa Vale M\u00fasica, convida ao palco do Sesc Palladium, m\u00fasicos e musicistas dos quatro cantos do Brasil que fazem parte do programa. Alunos de Bel\u00e9m (PA), Serra (ES), Corumb\u00e1 (MS) e Brumadinho (MG) se juntar\u00e3o \u00e0 forma\u00e7\u00e3o principal da Orquestra para ecoar toda atitude e <em>groove<\/em> da m\u00fasica negra. Uma verdadeira celebra\u00e7\u00e3o que ignora os limites geogr\u00e1ficos e ecoa o sonho de Martin Luther King.<\/p>\n<p>&nbsp;<\/p>\n<hr \/>\n<p><strong>MOTOWN<\/strong><\/p>\n<p>Os Jackson 5 gravaram 15 \u00e1lbuns com a gravadora Motown, um dos marcos desse per\u00edodo e uma verdadeira f\u00e1brica de fazer hits. E isso n\u00e3o \u00e9 apenas uma for\u00e7a de express\u00e3o. Criada em Detroit, cidade reconhecida pelas grandes montadoras automobil\u00edsticas, a gravadora funcionava como uma verdadeira linha de produ\u00e7\u00e3o: foram 240 can\u00e7\u00f5es no top 40 das paradas norte-americanas entre 1962 e 1971.<\/p>\n<p>Do soul mais a\u00e7ucarado ao funk mais pesado, todos os estilos de m\u00fasica negra dos EUA foram representados pela gravadora durante o seu auge e, com certeza, alguns desses sucessos estar\u00e3o presentes no repert\u00f3rio do concerto.\u00a0 Entre eles: \u201cSuperstition\u201d, de Steve Wonder, \u201cYou Keep Me Hangin On\u201d, com The Supremes, \u201cI Heard It Through The Grapevine\u201d, de Marvin Gaye, e \u201cUpside Down\u201d, de Diana Ross. Em um universo t\u00e3o rico e amplo de possibilidades, novidades e surpresas podem sempre aparecer no repert\u00f3rio a cada nova apresenta\u00e7\u00e3o.<\/p>\n<p>Coube ao m\u00fasico e arranjador Fred Natalino, um dos grandes parceiros da Orquestra Ouro Preto na cria\u00e7\u00e3o de novos repert\u00f3rios, a miss\u00e3o de criar a atmosfera musical perfeita para o encontro entre a m\u00fasica de concerto e o soul, o funk e o R&amp;B que marcaram a hist\u00f3ria da m\u00fasica negra nos Estados Unidos.<\/p>\n<p>\u201cVamos proporcionar ao p\u00fablico o que h\u00e1 de mais essencial nesse repert\u00f3rio:\u00a0 a beleza da can\u00e7\u00e3o e melodia das m\u00fasicas, al\u00e9m de incorporar sua caracter\u00edstica dan\u00e7ante. Fazer essas duas coisas de um modo que fique bem marcante na interpreta\u00e7\u00e3o da Orquestra\u201d, adianta Natalino, que j\u00e1 assinou trabalhos anteriores da forma\u00e7\u00e3o mineira, entre eles alguns dos maiores sucessos de p\u00fablico e cr\u00edtica, como os concertos \u201cThe Beatles\u201d, Rolling Stones\u201d e \u201cA-Ha\u201d.<\/p>\n<p>\u201cLendas da Black Music\u201d tamb\u00e9m faz uma ponte com a produ\u00e7\u00e3o brasileira da \u00e9poca e celebra alguns nomes que definiram os rumos do estilo no pa\u00eds, como Tim Maia e Sandra de S\u00e1. Para este momento especial, a forma\u00e7\u00e3o mineira divide o palco com dezenas de crian\u00e7as do coro do Programa Vale M\u00fasica Brumadinho.<\/p>\n<p>&nbsp;<\/p>\n<hr \/>\n<p><strong>SOBRE O PROGRAMA VALE M\u00daSICA <\/strong><\/p>\n<p>Desde os anos 2000, a Vale cria oportunidades para estudantes participarem de forma\u00e7\u00f5es musicais e desenvolverem seus talentos, nos estados do Esp\u00edrito Santo, Minas Gerais, Par\u00e1 e Mato Grosso do Sul. Em 2019, foi criada uma rede colaborativa de ensino e aprendizagem entre os projetos musicais dos quatro estados e orquestras parceiras, que recebeu o nome de programa Vale M\u00fasica.<\/p>\n<p>O Vale M\u00fasica, que integra o eixo de programas autorais do Instituto Cultural Vale, contempla interc\u00e2mbios entre estudantes e professores dos polos de forma\u00e7\u00e3o do programa, aulas com m\u00fasicos das orquestras profissionais patrocinadas pela empresa.<\/p>\n<p>Os estudantes participam de aulas por naipes, <em>masterclasses<\/em> de instrumentos e workshops sobre forma\u00e7\u00e3o de orquestra e m\u00fasica de concerto. O programa tamb\u00e9m cria oportunidades para que os jovens m\u00fasicos participem de qualifica\u00e7\u00f5es presenciais com as orquestras, al\u00e9m de apresenta\u00e7\u00f5es integradas, onde eles experimentam a rotina de m\u00fasicos profissionais.<\/p>\n<p>Desde 2019, o programa oferece inicia\u00e7\u00e3o musical de canto coral e instrumentos de sopro e percuss\u00e3o a crian\u00e7as e adolescentes de Brumadinho, sob a coordena\u00e7\u00e3o da Orquestra Ouro Preto.<\/p>\n<p>&nbsp;<\/p>\n<hr \/>\n<p><strong>SERVI\u00c7O <\/strong><br \/>\n<strong>Orquestra Ouro Preto: Lendas da Black Music<\/strong><\/p>\n<p>Data: 18 de novembro de 2023<br \/>\nHor\u00e1rio: \u00c0s 20h30<br \/>\nLocal: Grande Teatro do Sesc Palladium (Rua Rio de Janeiro, 1046, centro)<br \/>\nIngressos: <a href=\"https:\/\/bileto.sympla.com.br\/event\/88139?utm_source=site-symplabileto-production&amp;utm_medium=webapp_share&amp;utm_campaign=webapp_share_event_88139\" target=\"_blank\" rel=\"noopener\">Clique aqui para garantir seus ingressos.<\/a><\/p>\n","protected":false},"excerpt":{"rendered":"<p>Dia 18\/11, no Sesc Palladium<\/p>\n","protected":false},"author":1,"featured_media":9423,"comment_status":"closed","ping_status":"closed","sticky":false,"template":"","format":"standard","meta":{"footnotes":""},"categories":[289,295],"tags":[],"class_list":{"0":"post-9422","1":"post","2":"type-post","3":"status-publish","4":"format-standard","5":"has-post-thumbnail","7":"category-eventos","8":"category-noticia"},"_links":{"self":[{"href":"https:\/\/www.orquestraouropreto.com.br\/site\/wp-json\/wp\/v2\/posts\/9422","targetHints":{"allow":["GET"]}}],"collection":[{"href":"https:\/\/www.orquestraouropreto.com.br\/site\/wp-json\/wp\/v2\/posts"}],"about":[{"href":"https:\/\/www.orquestraouropreto.com.br\/site\/wp-json\/wp\/v2\/types\/post"}],"author":[{"embeddable":true,"href":"https:\/\/www.orquestraouropreto.com.br\/site\/wp-json\/wp\/v2\/users\/1"}],"replies":[{"embeddable":true,"href":"https:\/\/www.orquestraouropreto.com.br\/site\/wp-json\/wp\/v2\/comments?post=9422"}],"version-history":[{"count":1,"href":"https:\/\/www.orquestraouropreto.com.br\/site\/wp-json\/wp\/v2\/posts\/9422\/revisions"}],"predecessor-version":[{"id":9424,"href":"https:\/\/www.orquestraouropreto.com.br\/site\/wp-json\/wp\/v2\/posts\/9422\/revisions\/9424"}],"wp:featuredmedia":[{"embeddable":true,"href":"https:\/\/www.orquestraouropreto.com.br\/site\/wp-json\/wp\/v2\/media\/9423"}],"wp:attachment":[{"href":"https:\/\/www.orquestraouropreto.com.br\/site\/wp-json\/wp\/v2\/media?parent=9422"}],"wp:term":[{"taxonomy":"category","embeddable":true,"href":"https:\/\/www.orquestraouropreto.com.br\/site\/wp-json\/wp\/v2\/categories?post=9422"},{"taxonomy":"post_tag","embeddable":true,"href":"https:\/\/www.orquestraouropreto.com.br\/site\/wp-json\/wp\/v2\/tags?post=9422"}],"curies":[{"name":"wp","href":"https:\/\/api.w.org\/{rel}","templated":true}]}}