{"id":9530,"date":"2024-03-21T13:43:49","date_gmt":"2024-03-21T13:43:49","guid":{"rendered":"https:\/\/www.orquestraouropreto.com.br\/site\/?p=9530"},"modified":"2024-05-09T11:13:05","modified_gmt":"2024-05-09T11:13:05","slug":"tempos-modernos-de-chaplin","status":"publish","type":"post","link":"https:\/\/www.orquestraouropreto.com.br\/site\/tempos-modernos-de-chaplin\/","title":{"rendered":"Tempos Modernos"},"content":{"rendered":"<p style=\"text-align: center;\">Dia 20 de abril, no Palladium<br \/>\n<!--more--><\/p>\n<h3 style=\"text-align: center;\"><strong>ACADEMIA JOVEM ORQUESTRA OURO PRETO EXALTA A GENIALIDADE DE CHAPLIN COM APRESENTA\u00c7\u00c3O AO VIVO DE <em>TEMPOS MODERNOS<\/em><\/strong><\/h3>\n<p style=\"text-align: center;\"><em>Concerto marca a estreia de novos talentos da forma\u00e7\u00e3o mineira e ter\u00e1 \u00fanica apresenta\u00e7\u00e3o no dia 20 de abril, \u00e0s 20h, no Sesc Palladium<\/em><\/p>\n<p>&nbsp;<\/p>\n<p>Uma verdadeira obra de arte resiste ao passar do tempo, dialoga com futuras gera\u00e7\u00f5es e suas tem\u00e1ticas parecem nunca perder a relev\u00e2ncia. Um exemplo cl\u00e1ssico \u00e9 o filme <em>Tempos Modernos<\/em>, obra-prima de Charlie Chaplin que ganha as cores da Academia Jovem Orquestra Ouro Preto com a exibi\u00e7\u00e3o do filme e a apresenta\u00e7\u00e3o ao vivo da trilha sonora no dia 20 de abril, s\u00e1bado, \u00e0s 20h, no Grande Teatro do Sesc Palladium.<\/p>\n<p><a href=\"https:\/\/bileto.sympla.com.br\/event\/92314?share_id=1-copiarlink\" target=\"_blank\" rel=\"noopener\">Clique aqui para garantir os seus ingressos.<\/a><\/p>\n<p>No palco, jovens talentos da m\u00fasica de concerto, sob a reg\u00eancia do Maestro Rodrigo Toffolo, apresentam a trilha do filme enquanto o mesmo \u00e9 exibido como em um grande cinema, em uma experi\u00eancia que rememora os tempos \u00e1ureos do Cine Palladium como importante espa\u00e7o cinematogr\u00e1fico da cidade.<\/p>\n<p>\u201cLevar ao p\u00fablico a beleza e a atemporalidade da obra de Chaplin vai ao encontro e fortalece o caminho que a Orquestra Ouro Preto e sua Academia t\u00eam trilhado. Tocaremos a trilha do filme \u2018ao vivo\u2019, enquanto ele \u00e9 exibido, relembrando o antigo Cine Palladium. Uma experi\u00eancia \u00fanica para toda a fam\u00edlia\u201d, convida o Maestro Rodrigo Toffolo, diretor art\u00edstico e regente titular da Orquestra Ouro Preto.<\/p>\n<p>Lan\u00e7ado em 1936, <em>Tempos Moderno<\/em>s ainda mant\u00e9m seu poder de provocar e comover o p\u00fablico justamente por abordar quest\u00f5es universais e ainda n\u00e3o superadas, como as consequ\u00eancias da industrializa\u00e7\u00e3o na vida dos cidad\u00e3os comuns. Um retrato de gente simples lutando contra m\u00e1quinas, a precariza\u00e7\u00e3o, a explora\u00e7\u00e3o e a necessidade de sobreviv\u00eancia.<\/p>\n<p>Na pel\u00edcula, Carlitos mistura humor e cr\u00edtica social para narrar a vida de um trabalhador que est\u00e1 em busca de se estabelecer, tanto profissionalmente quanto como indiv\u00edduo, em uma sociedade cheia de inova\u00e7\u00f5es tecnol\u00f3gicas e contradi\u00e7\u00f5es. Tudo isso com a marca do vagabundo de chap\u00e9u-coco, bigode e bengala, em cenas que fazem rir ao mesmo tempo que nos levam a refletir.<\/p>\n<p>Chaplin n\u00e3o apenas atuou no filme e o dirigiu, como tamb\u00e9m comp\u00f4s parte da trilha sonora, nesta que foi sua derradeira contribui\u00e7\u00e3o ao cinema mudo e que o consolidou como um dos maiores comediantes de todos os tempos.<\/p>\n<p>\u201cChaplin era um ex\u00edmio m\u00fasico, um artista completo, com uma sensibilidade \u00edmpar, que, sabendo das ferramentas que podia usar na \u00e9poca, trabalhava a m\u00fasica de forma muito rica em suas cria\u00e7\u00f5es.\u00a0 J\u00e1 que n\u00e3o tinha di\u00e1logos no cinema mudo, toda a ambienta\u00e7\u00e3o era constru\u00edda pela m\u00fasica e, como o filme passava pelas m\u00e3os e pela cabe\u00e7a dele, Chaplin fazia com que essa imers\u00e3o fosse completa, j\u00e1 que escrevia pensando na m\u00fasica e compunha pensando no filme\u201d, contextualiza o maestro.<\/p>\n<p>Esta n\u00e3o ser\u00e1 a primeira imers\u00e3o da forma\u00e7\u00e3o mineira no universo cinematogr\u00e1fico, tendo j\u00e1 apresentado o concerto <em>M\u00fasica para Cinema<\/em>, que foi gravado em CD e DVD no Largo do Ros\u00e1rio, em Ouro Preto, <em>M\u00fasica para Cinema \u2013 Cine Hollywood<\/em> e duas outras homenagens ao artista, com os concertos <em>O Circo <\/em>e <em>O Garoto<\/em>.<\/p>\n<p>\u201cO <em>Tempos Modernos<\/em> fecha uma tr\u00edade Chaplin. Para n\u00f3s, esse projeto representa, mais que o desafio para uma academia, o que faz todo sentido para a forma\u00e7\u00e3o deles, a jun\u00e7\u00e3o de duas grandes artes, a m\u00fasica e o cinema, o que reflete um pouco o caminho da forma\u00e7\u00e3o de p\u00fablico que estamos trilhando ao longo da nossa trajet\u00f3ria. Ter dois elementos unificados ao redor de um dos filmes mais importantes da hist\u00f3ria do cinema completa o pensamento art\u00edstico e pedag\u00f3gico da nossa Academia\u201d, analisa Toffolo.<\/p>\n<p>As doses de s\u00e1tira social e humor est\u00e3o garantidas no concerto. A ousadia fica por conta da apresenta\u00e7\u00e3o ao vivo, que demanda uma sincronia perfeita entre m\u00fasica e imagem, desafiando ainda mais os m\u00fasicos da Academia Jovem e comprovando o compromisso com a excel\u00eancia e a versatilidade em todos os projetos da forma\u00e7\u00e3o mineira.<\/p>\n<p>&nbsp;<\/p>\n<hr \/>\n<p><strong>SOBRE A ACADEMIA ORQUESTRA OURO PRETO<\/strong><\/p>\n<p>Criada em 2019, a Academia Orquestra Ouro Preto \u00e9 um dos bra\u00e7os do n\u00facleo educacional da Orquestra Ouro Preto com o objetivo de formar e preparar jovens entre 18 e 28 anos para o mercado de trabalho da m\u00fasica de concerto. Atualmente, 28 m\u00fasicos integram o projeto, sendo alguns deles rec\u00e9m-selecionados como bolsistas da forma\u00e7\u00e3o.<\/p>\n<p>Os instrumentistas t\u00eam aulas com os instrutores-professores da Orquestra Ouro Preto com o objetivo de desenvolver a percep\u00e7\u00e3o, a t\u00e9cnica e a expertise do trabalho em conjunto. Para isso, os bolsistas t\u00eam apoio financeiro e acompanhamento psicol\u00f3gico e fisioter\u00e1pico, em uma parceria in\u00e9dita com a PUC Minas.<\/p>\n<p>Segundo Rodolfo Toffolo, coordenador do projeto, a Academia cumpre simultaneamente dois importantes pap\u00e9is. \u201cO primeiro \u00e9 o vi\u00e9s social, onde acolhemos esses jovens, oportunizamos uma viv\u00eancia musical com colegas da mesma gera\u00e7\u00e3o, desenvolvendo o conv\u00edvio e o aprimoramento musical dentro da orquestra, contando com a ajuda de uma bolsa de estudos para isso\u201d, elenca.<\/p>\n<p>\u201cO segundo \u00e9 o vi\u00e9s profissionalizante que, atrav\u00e9s de ensaios de naipes semanais com os instrutores profissionais da Orquestra Ouro Preto, o grupo ganha identidade e sonoridade, aplicando seus estudos na m\u00fasica coletivamente. Os concertos com solistas de renome internacional, a oportunidade de se apresentarem em importantes salas de concerto do pa\u00eds e as experi\u00eancias com grava\u00e7\u00f5es e lives d\u00e3o o molde final ao desenvolvimento de cada um\u201d, explica o coordenador.<\/p>\n<p>Al\u00e9m do desenvolvimento t\u00e9cnico musical, os bolsistas ainda t\u00eam oportunidades pr\u00e1ticas em concertos com a presen\u00e7a do p\u00fablico e a possibilidade de participarem dos projetos desenvolvidos pela Orquestra Ouro Preto ao longo do ano.\u00a0Entre grava\u00e7\u00f5es, concertos e aulas, os alunos absorvem, diretamente da fonte, li\u00e7\u00f5es riqu\u00edssimas com os l\u00edderes de naipes da forma\u00e7\u00e3o principal, o Maestro Rodrigo Toffolo e, muitas vezes, \u00edcones da m\u00fasica brasileira, que s\u00e3o convidados eventualmente para parcerias.<\/p>\n<p class=\"p7\">Atualmente, nove ex-alunos s\u00e3o protagonistas da forma\u00e7\u00e3o principal e passaram por essa fase preparat\u00f3ria dentro da Academia antes de ingressarem oficialmente no corpo musical.<\/p>\n<p>&nbsp;<\/p>\n<hr \/>\n<p><b>Servi\u00e7o<\/b><br \/>\n<b>Academia Jovem Orquestra Ouro Preto: \u201cTempos Modernos\u201d, de Charlie Chaplin<\/b><\/p>\n<p><b>Data:<\/b> 20 de abril de 2024, s\u00e1bado<br \/>\n<b>Hor\u00e1rio:<\/b> \u00e0s 20h<br \/>\n<b>Local:<\/b> Grande Teatro do Sesc Palladium (rua Rio de Janeiro, 1.046, Centro)<br \/>\n<span class=\"s3\"><b>Ingressos:<\/b> <a href=\"https:\/\/bileto.sympla.com.br\/event\/92314?share_id=1-copiarlink\" target=\"_blank\" rel=\"noopener\">Clique aqui para garantir os seus ingressos.<\/a><\/span><\/p>\n","protected":false},"excerpt":{"rendered":"<p>Dia 20 de abril, no Palladium<\/p>\n","protected":false},"author":1,"featured_media":9538,"comment_status":"closed","ping_status":"closed","sticky":false,"template":"","format":"standard","meta":{"footnotes":""},"categories":[289,295],"tags":[],"class_list":{"0":"post-9530","1":"post","2":"type-post","3":"status-publish","4":"format-standard","5":"has-post-thumbnail","7":"category-eventos","8":"category-noticia"},"_links":{"self":[{"href":"https:\/\/www.orquestraouropreto.com.br\/site\/wp-json\/wp\/v2\/posts\/9530","targetHints":{"allow":["GET"]}}],"collection":[{"href":"https:\/\/www.orquestraouropreto.com.br\/site\/wp-json\/wp\/v2\/posts"}],"about":[{"href":"https:\/\/www.orquestraouropreto.com.br\/site\/wp-json\/wp\/v2\/types\/post"}],"author":[{"embeddable":true,"href":"https:\/\/www.orquestraouropreto.com.br\/site\/wp-json\/wp\/v2\/users\/1"}],"replies":[{"embeddable":true,"href":"https:\/\/www.orquestraouropreto.com.br\/site\/wp-json\/wp\/v2\/comments?post=9530"}],"version-history":[{"count":5,"href":"https:\/\/www.orquestraouropreto.com.br\/site\/wp-json\/wp\/v2\/posts\/9530\/revisions"}],"predecessor-version":[{"id":9569,"href":"https:\/\/www.orquestraouropreto.com.br\/site\/wp-json\/wp\/v2\/posts\/9530\/revisions\/9569"}],"wp:featuredmedia":[{"embeddable":true,"href":"https:\/\/www.orquestraouropreto.com.br\/site\/wp-json\/wp\/v2\/media\/9538"}],"wp:attachment":[{"href":"https:\/\/www.orquestraouropreto.com.br\/site\/wp-json\/wp\/v2\/media?parent=9530"}],"wp:term":[{"taxonomy":"category","embeddable":true,"href":"https:\/\/www.orquestraouropreto.com.br\/site\/wp-json\/wp\/v2\/categories?post=9530"},{"taxonomy":"post_tag","embeddable":true,"href":"https:\/\/www.orquestraouropreto.com.br\/site\/wp-json\/wp\/v2\/tags?post=9530"}],"curies":[{"name":"wp","href":"https:\/\/api.w.org\/{rel}","templated":true}]}}