{"id":9629,"date":"2024-06-25T20:01:13","date_gmt":"2024-06-25T20:01:13","guid":{"rendered":"https:\/\/www.orquestraouropreto.com.br\/site\/?p=9629"},"modified":"2024-06-25T21:59:13","modified_gmt":"2024-06-25T21:59:13","slug":"rotorquestra-em-ouro-preto","status":"publish","type":"post","link":"https:\/\/www.orquestraouropreto.com.br\/site\/rotorquestra-em-ouro-preto\/","title":{"rendered":"Pato Fu e Orquestra"},"content":{"rendered":"<p style=\"text-align: center;\">29 de junho, em Ouro Preto<br \/>\n<!--more--><\/p>\n<h3 class=\"p1\" style=\"text-align: center;\"><b>ORQUESTRA OURO PRETO E PATO FU FAZEM CONCERTO GRATUITO EM OURO PRETO<\/b><\/h3>\n<p class=\"p1\" style=\"text-align: center;\"><i>Cidade hist\u00f3rica mineira recebe \u201cRotorquestra de Liquidificafu\u201d em \u00fanica apresenta\u00e7\u00e3o no dia 29 de junho, \u00e0s 20h30, no Centro de Conven\u00e7\u00f5es da UFOP, com entrada gratuita<\/i><\/p>\n<p>&nbsp;<\/p>\n<p class=\"p1\">A rela\u00e7\u00e3o de amor e gratid\u00e3o da Orquestra Ouro Preto com a cidade em que nasceu est\u00e1 marcada no nome e na hist\u00f3ria de uma das principais forma\u00e7\u00f5es orquestrais do pa\u00eds da atualidade. Sempre pensando em retribuir o carinho do p\u00fablico, a Orquestra se une ao Pato Fu para celebrar o lan\u00e7amento do disco que eterniza esse encontro com a apresenta\u00e7\u00e3o do concerto \u201cRotorquestra de Liquidificafu\u201d, no dia 29 de junho, \u00e0s 20h30, no estacionamento do Centro de Conven\u00e7\u00f5es da UFOP, com entrada gratuita. A apresenta\u00e7\u00e3o \u00e9 patrocinada pelo Instituto Cultural Vale, atrav\u00e9s da Lei Federal de Incentivo \u00e0 Cultura.<\/p>\n<p class=\"p1\">Grande sucesso de p\u00fablico e cr\u00edtica, \u201cRotorquestra de Liquidificafu\u201d \u00e9 uma vibrante viagem pelos sucessos da banda, com uma roupagem toda nova, misturando o pop rock contagiante com a musicalidade da Orquestra.<\/p>\n<p class=\"p3\">\u201cA apresenta\u00e7\u00e3o \u00e9 um presente para n\u00f3s e para quem \u00e9 f\u00e3 da Orquestra e do Pato. Mais uma etapa na comemora\u00e7\u00e3o de nossos 30 anos. Espero que seja uma noite linda e emocionante, como geralmente s\u00e3o os encontros com a Orquestra Ouro Preto\u201d, afirma Fernanda Takai, vocalista do grupo.<\/p>\n<p class=\"p1\"><span class=\"s1\">O \u00e1lbum <\/span>\u201cRotorquestra de Liquidificafu\u201d, que foi lan\u00e7ado neste m\u00eas em todas as plataformas digitais, \u00e9 um disco sem r\u00f3tulos, marcado pela inventividade e ousadia de uma banda fora da caixa e uma orquestra que n\u00e3o tem medo de desafiar os limites da m\u00fasica. Um projeto muito especial, com 17 m\u00fasicas em arranjos surpreendentes feitos por Paulo Malheiros.<\/p>\n<p class=\"p6\">\u201cO disco capturou toda a aura que envolveu essa conjun\u00e7\u00e3o e transmite toda a excel\u00eancia, a irrever\u00eancia e a versatilidade que marcam a trajet\u00f3ria das duas forma\u00e7\u00f5es\u201d, sintetiza o Maestro Rodrigo Toffolo, regente titular e diretor art\u00edstico da Orquestra Ouro Preto. \u201cE o concerto concretiza, diante do p\u00fablico, a alegria e a pot\u00eancia desse encontro\u201d, completa o regente.<\/p>\n<p class=\"p1\">Gravado ao vivo no Grande Teatro do Pal\u00e1cio das Artes, o \u00e1lbum traz toda a vibe de uma noite de gala, com a plateia e os artistas juntos, cantando os grandes sucessos do Pato. Tem de tudo um pouco, desde os hits at\u00e9 aquelas m\u00fasicas mais escondidinhas dos 13 \u00e1lbuns da carreira do grupo. Entre elas, \u201cRotomusic de Liquidificapum\u201d, uma viagem de 7 minutos por um monte de estilos musicais, que j\u00e1 d\u00e1 o tom ousado dessa parceria. \u201cEu\u201d, \u201cPerdendo os Dentes\u201d, \u201cAndo Meio Desligado\u201d, \u201cSimplicidade\u201d, \u201cCan\u00e7\u00e3o Para Voc\u00ea Viver Mais\u201d, <span class=\"s3\">\u201c\u00c1gua\u201d, \u201cSpoc\u201d e v\u00e1rias outras p\u00e9rolas integram o repert\u00f3rio.<\/span><\/p>\n<p>&nbsp;<\/p>\n<hr \/>\n<p class=\"p1\"><b>HIST\u00d3RICO<\/b><\/p>\n<p class=\"p1\">A \u201cRotorquestra\u201d estreou em 2022, no Instituto Inhotim, diante de 2.500 pessoas que lotaram o museu e cantavam a plenos pulm\u00f5es. A apresenta\u00e7\u00e3o ganhou um lindo registro, exibido na programa\u00e7\u00e3o do SulAm\u00e9rica Sessions Festival, e que tamb\u00e9m deve voltar \u00e0 tona nos canais de YouTube da Orquestra e do Pato.<\/p>\n<p class=\"p1\">O projeto circulou por mais quatro cidades de Minas Gerais \u2013 Nova Lima, Caet\u00e9, Sabar\u00e1 e Santa B\u00e1rbara \u2013, com apresenta\u00e7\u00f5es gratuitas em pra\u00e7as abarrotadas.<span class=\"Apple-converted-space\">\u00a0 <\/span>Depois do giro pelo interior mineiro, o concerto chegou a Belo Horizonte, onde foi registrado ao vivo, no Pal\u00e1cio das Artes, em um momento inesquec\u00edvel para a plateia, m\u00fasicos e equipes que fizeram o espet\u00e1culo acontecer.<\/p>\n<p class=\"p1\">Em 2023, em um lindo palco montado na Pra\u00e7a da Liberdade, em Belo Horizonte, a Rotorquestra recebeu cerca de 10 mil pessoas em mais um encontro memor\u00e1vel.<\/p>\n<p>&nbsp;<\/p>\n<hr \/>\n<p class=\"p1\"><b>SOBRE O INSTITUTO CULTURAL VALE<\/b><\/p>\n<p class=\"p1\">O Instituto Cultural Vale acredita que a cultura transforma vidas. Por isso, patrocina e fomenta projetos em parcerias que promovem conex\u00f5es entre pessoas, iniciativas e territ\u00f3rios. Seu compromisso \u00e9 contribuir com uma cultura cada vez mais acess\u00edvel e plural, ao mesmo tempo em que atua para o fortalecimento da economia criativa.<\/p>\n<p class=\"p1\">Desde a sua cria\u00e7\u00e3o, em 2020, o Instituto Cultural Vale j\u00e1 esteve ao lado de mais de 800 projetos em 24 estados e no Distrito Federal, contemplando as cinco regi\u00f5es do pa\u00eds. Dentre eles, uma rede de espa\u00e7os culturais pr\u00f3prios, patrocinados via Lei Federal de Incentivo \u00e0 Cultura, com visita\u00e7\u00e3o gratuita, identidade e voca\u00e7\u00e3o \u00fanicas:<a href=\"https:\/\/nam10.safelinks.protection.outlook.com\/?url=http:\/\/memorialvale.com.br\/&amp;data=05%252525257C01%252525257CC0639648@vale.com%252525257C8ecd2c41e748457c32d908da33838c1c%252525257C7893571b6c2c4cefb4da7d4b266a0626%252525257C0%252525257C0%252525257C637878937325406483%252525257CUnknown%252525257CTWFpbGZsb3d8eyJWIjoiMC4wLjAwMDAiLCJQIjoiV2luMzIiLCJBTiI6Ik1haWwiLCJXVCI6Mn0=%252525257C3000%252525257C%252525257C%252525257C&amp;sdata=dOforoq6VsX4J9aF5lf8WoOXzBUxm+aoh3uL8h94R\/E=&amp;reserved=0\"><span class=\"s5\"> Memorial Minas Gerais Vale<\/span><\/a> (MG),<a href=\"https:\/\/nam10.safelinks.protection.outlook.com\/?url=https:\/\/museuvale.com\/&amp;data=05%252525257C01%252525257CC0639648@vale.com%252525257C8ecd2c41e748457c32d908da33838c1c%252525257C7893571b6c2c4cefb4da7d4b266a0626%252525257C0%252525257C0%252525257C637878937325406483%252525257CUnknown%252525257CTWFpbGZsb3d8eyJWIjoiMC4wLjAwMDAiLCJQIjoiV2luMzIiLCJBTiI6Ik1haWwiLCJXVCI6Mn0=%252525257C3000%252525257C%252525257C%252525257C&amp;sdata=oxLQft+yiYwj7W9dKnW7nEuHHk2N2F47ou2k+tZqTu4=&amp;reserved=0\"><span class=\"s5\"> Museu Vale<\/span><\/a> (ES),<a href=\"https:\/\/nam10.safelinks.protection.outlook.com\/?url=https:\/\/ccv-ma.org.br\/&amp;data=05%252525257C01%252525257CC0639648@vale.com%252525257C8ecd2c41e748457c32d908da33838c1c%252525257C7893571b6c2c4cefb4da7d4b266a0626%252525257C0%252525257C0%252525257C637878937325406483%252525257CUnknown%252525257CTWFpbGZsb3d8eyJWIjoiMC4wLjAwMDAiLCJQIjoiV2luMzIiLCJBTiI6Ik1haWwiLCJXVCI6Mn0=%252525257C3000%252525257C%252525257C%252525257C&amp;sdata=oBk\/M8++bzWxp99HX24u\/92UxzYz9k8MqkCjM+55PYE=&amp;reserved=0\"><span class=\"s5\"> Centro Cultural Vale Maranh\u00e3o<\/span><\/a> (MA) e<a href=\"https:\/\/nam10.safelinks.protection.outlook.com\/?url=https:\/\/casadaculturacanaa.com.br\/&amp;data=05%252525257C01%252525257CC0639648@vale.com%252525257C8ecd2c41e748457c32d908da33838c1c%252525257C7893571b6c2c4cefb4da7d4b266a0626%252525257C0%252525257C0%252525257C637878937325406483%252525257CUnknown%252525257CTWFpbGZsb3d8eyJWIjoiMC4wLjAwMDAiLCJQIjoiV2luMzIiLCJBTiI6Ik1haWwiLCJXVCI6Mn0=%252525257C3000%252525257C%252525257C%252525257C&amp;sdata=pQ5sNQWHaA5uEXkocTlp0sbMUcN6lK\/sDA7RM6i+iEI=&amp;reserved=0\"><span class=\"s5\"> Casa da Cultura de Cana\u00e3 dos Caraj\u00e1s<\/span><\/a> (PA). Onde tem Cultura, a Vale est\u00e1. Visite o site do Instituto Cultural Vale:<a href=\"https:\/\/nam10.safelinks.protection.outlook.com\/?url=http:\/\/institutoculturalvale.org\/&amp;data=05%252525257C01%252525257CC0639648@vale.com%252525257C8ecd2c41e748457c32d908da33838c1c%252525257C7893571b6c2c4cefb4da7d4b266a0626%252525257C0%252525257C0%252525257C637878937325406483%252525257CUnknown%252525257CTWFpbGZsb3d8eyJWIjoiMC4wLjAwMDAiLCJQIjoiV2luMzIiLCJBTiI6Ik1haWwiLCJXVCI6Mn0=%252525257C3000%252525257C%252525257C%252525257C&amp;sdata=YJxhAeCpJXX6pRHz61ZDcmYNtLQFllOlXwJhYioRJF4=&amp;reserved=0\"><span class=\"s5\"> institutoculturalvale.org<\/span><\/a><\/p>\n<p>&nbsp;<\/p>\n<hr \/>\n<p><b>SERVI\u00c7O<\/b><br \/>\n<b>Pato Fu e Orquestra Ouro Preto: Rotorquestra de Liquidificafu<\/b><\/p>\n<p><b>Data:<\/b> 29 de junho de 2024<br \/>\n<b>Hor\u00e1rio:<\/b>\u00c0s 20h30<br \/>\n<b>Local:<\/b> Estacionamento do Centro de Artes e Conven\u00e7\u00f5es de Ouro Preto (Rua <span class=\"s3\">Diogo de Vasconcelos, 328, Pilar, Ouro Preto)<\/span><br \/>\n<b>Ingressos:<\/b> Entrada gratuita<\/p>\n","protected":false},"excerpt":{"rendered":"<p>29 de junho, em Ouro Preto<\/p>\n","protected":false},"author":1,"featured_media":9630,"comment_status":"closed","ping_status":"closed","sticky":false,"template":"","format":"standard","meta":{"footnotes":""},"categories":[289,295],"tags":[],"class_list":{"0":"post-9629","1":"post","2":"type-post","3":"status-publish","4":"format-standard","5":"has-post-thumbnail","7":"category-eventos","8":"category-noticia"},"_links":{"self":[{"href":"https:\/\/www.orquestraouropreto.com.br\/site\/wp-json\/wp\/v2\/posts\/9629","targetHints":{"allow":["GET"]}}],"collection":[{"href":"https:\/\/www.orquestraouropreto.com.br\/site\/wp-json\/wp\/v2\/posts"}],"about":[{"href":"https:\/\/www.orquestraouropreto.com.br\/site\/wp-json\/wp\/v2\/types\/post"}],"author":[{"embeddable":true,"href":"https:\/\/www.orquestraouropreto.com.br\/site\/wp-json\/wp\/v2\/users\/1"}],"replies":[{"embeddable":true,"href":"https:\/\/www.orquestraouropreto.com.br\/site\/wp-json\/wp\/v2\/comments?post=9629"}],"version-history":[{"count":2,"href":"https:\/\/www.orquestraouropreto.com.br\/site\/wp-json\/wp\/v2\/posts\/9629\/revisions"}],"predecessor-version":[{"id":9639,"href":"https:\/\/www.orquestraouropreto.com.br\/site\/wp-json\/wp\/v2\/posts\/9629\/revisions\/9639"}],"wp:featuredmedia":[{"embeddable":true,"href":"https:\/\/www.orquestraouropreto.com.br\/site\/wp-json\/wp\/v2\/media\/9630"}],"wp:attachment":[{"href":"https:\/\/www.orquestraouropreto.com.br\/site\/wp-json\/wp\/v2\/media?parent=9629"}],"wp:term":[{"taxonomy":"category","embeddable":true,"href":"https:\/\/www.orquestraouropreto.com.br\/site\/wp-json\/wp\/v2\/categories?post=9629"},{"taxonomy":"post_tag","embeddable":true,"href":"https:\/\/www.orquestraouropreto.com.br\/site\/wp-json\/wp\/v2\/tags?post=9629"}],"curies":[{"name":"wp","href":"https:\/\/api.w.org\/{rel}","templated":true}]}}