{"id":9648,"date":"2024-07-05T20:46:34","date_gmt":"2024-07-05T20:46:34","guid":{"rendered":"https:\/\/www.orquestraouropreto.com.br\/site\/?p=9648"},"modified":"2024-07-05T20:49:14","modified_gmt":"2024-07-05T20:49:14","slug":"joao-bosco-em-ouro-preto","status":"publish","type":"post","link":"https:\/\/www.orquestraouropreto.com.br\/site\/joao-bosco-em-ouro-preto\/","title":{"rendered":"G\u00eanesis em Ouro Preto"},"content":{"rendered":"<p style=\"text-align: center;\">08 de julho, na Pra\u00e7a Tiradentes<br \/>\n<!--more--><\/p>\n<h3 class=\"p1\" style=\"text-align: center;\"><b>JO\u00c3O BOSCO E ORQUESTRA CELEBRAM O ANIVERS\u00c1RIO DE OURO PRETO<\/b><\/h3>\n<p class=\"p1\" style=\"text-align: center;\"><i>Orquestra e Jo\u00e3o Bosco se encontram, como parte da programando do Festival de Inverno, no dia 8 de julho, \u00e0s 18h<\/i><\/p>\n<p>&nbsp;<\/p>\n<p class=\"p1\">Um dos principais nomes da m\u00fasica popular brasileira e uma das mais prestigiadas forma\u00e7\u00f5es orquestrais do pa\u00eds se encontram em Ouro Preto para um emocionante concerto. No dia 8 de julho, \u00e0s 18h, na Pra\u00e7a Tiradentes, o grande Jo\u00e3o Bosco se junta \u00e0 Orquestra Ouro Preto para apresentar &#8220;G\u00eanesis&#8221;, show que celebra toda a rica trajet\u00f3ria do cantor, compositor e violonista. O evento faz parte do Festival de Inverno e, tamb\u00e9m, comemora o anivers\u00e1rio da cidade.<\/p>\n<p class=\"p1\">\u201cG\u00eanesis\u201d se refere a essa for\u00e7a criadora que \u00e9 a m\u00fasica de Jo\u00e3o. Traz em si a ideia do nascimento do legado de um artista que tem seu lugar j\u00e1 ancorado no altar da m\u00fasica brasileira e que renasce ao deparar-se com os arranjos especialmente feitos pelo maestro Nelson Ayres e regidos pelo maestro Rodrigo Toffolo.<\/p>\n<p class=\"p1\">O repert\u00f3rio desfila p\u00e9rolas como \u201cO B\u00eabado e o Equilibrista\u201d, \u201cCors\u00e1rio\u201d, \u201cBala com Bala\u201d e \u201cDe Frente pro Crime\u201d, prestando tamb\u00e9m tributo a Aldir Blanc, um de seus principais parceiros.\u00a0Os arranjos privilegiam o jeito \u00fanico com o qual Jo\u00e3o maneja seus instrumentos, seu viol\u00e3o e sua voz, priorizando a precisa interfer\u00eancia dos outros elementos orquestrais, que emprestam ainda mais luzes \u00e0s suas composi\u00e7\u00f5es. A excel\u00eancia e a personalidade musical de Jo\u00e3o encontram aqui um di\u00e1logo perfeito com a versatilidade e a ousadia da Orquestra.<\/p>\n<p class=\"p3\">\u201cJo\u00e3o Bosco \u00e9 a orquestra de um homem s\u00f3. Como violonista, faz flutuar melodias com espantosa destreza, produzindo agudos e graves em notas que se multiplicam, numa r\u00edtmica muito particular. Em outras palavras, a arte de Jo\u00e3o Bosco \u00e9 perfeita\u201d, comenta o maestro Rodrigo Toffolo ao explicar o motivo do grande zelo que todos da Orquestra tratam o novo trabalho.<\/p>\n<p class=\"p1\">A afinidade entre mineiros fica evidente no palco. Mineiro de Ponte Nova, Jo\u00e3o formou-se engenheiro na Universidade Federal de Ouro Preto, morando por um bom per\u00edodo na cidade que \u00e9 o ber\u00e7o da Orquestra e do artista Jorge dos Anjos, cujas obras emolduram todo o conceito de \u201cG\u00eanesis\u201d, numa simbiose entre as formas geom\u00e9tricas e refer\u00eancias afro-brasileiras de suas obras e contemporaneidade e ancestralidade que habitam tamb\u00e9m o universo das can\u00e7\u00f5es de Bosco.<\/p>\n<p>&nbsp;<\/p>\n<hr \/>\n<p><b>SERVI\u00c7O<\/b><br \/>\n<b>\u201cG\u00eanesis: Orquestra Ouro Preto e Jo\u00e3o Bosco\u201d<\/b><\/p>\n<p><b>Data: <\/b>Dia 08 de julho de 2024<br \/>\n<b>Hor\u00e1rio:<\/b> 18h<br \/>\n<b>Local: <\/b>Pra\u00e7a Tiradentes, Ouro Preto (MG)<\/p>\n","protected":false},"excerpt":{"rendered":"<p>08 de julho, na Pra\u00e7a Tiradentes<\/p>\n","protected":false},"author":1,"featured_media":9649,"comment_status":"closed","ping_status":"closed","sticky":false,"template":"","format":"standard","meta":{"footnotes":""},"categories":[289,295],"tags":[],"class_list":{"0":"post-9648","1":"post","2":"type-post","3":"status-publish","4":"format-standard","5":"has-post-thumbnail","7":"category-eventos","8":"category-noticia"},"_links":{"self":[{"href":"https:\/\/www.orquestraouropreto.com.br\/site\/wp-json\/wp\/v2\/posts\/9648","targetHints":{"allow":["GET"]}}],"collection":[{"href":"https:\/\/www.orquestraouropreto.com.br\/site\/wp-json\/wp\/v2\/posts"}],"about":[{"href":"https:\/\/www.orquestraouropreto.com.br\/site\/wp-json\/wp\/v2\/types\/post"}],"author":[{"embeddable":true,"href":"https:\/\/www.orquestraouropreto.com.br\/site\/wp-json\/wp\/v2\/users\/1"}],"replies":[{"embeddable":true,"href":"https:\/\/www.orquestraouropreto.com.br\/site\/wp-json\/wp\/v2\/comments?post=9648"}],"version-history":[{"count":3,"href":"https:\/\/www.orquestraouropreto.com.br\/site\/wp-json\/wp\/v2\/posts\/9648\/revisions"}],"predecessor-version":[{"id":9654,"href":"https:\/\/www.orquestraouropreto.com.br\/site\/wp-json\/wp\/v2\/posts\/9648\/revisions\/9654"}],"wp:featuredmedia":[{"embeddable":true,"href":"https:\/\/www.orquestraouropreto.com.br\/site\/wp-json\/wp\/v2\/media\/9649"}],"wp:attachment":[{"href":"https:\/\/www.orquestraouropreto.com.br\/site\/wp-json\/wp\/v2\/media?parent=9648"}],"wp:term":[{"taxonomy":"category","embeddable":true,"href":"https:\/\/www.orquestraouropreto.com.br\/site\/wp-json\/wp\/v2\/categories?post=9648"},{"taxonomy":"post_tag","embeddable":true,"href":"https:\/\/www.orquestraouropreto.com.br\/site\/wp-json\/wp\/v2\/tags?post=9648"}],"curies":[{"name":"wp","href":"https:\/\/api.w.org\/{rel}","templated":true}]}}