{"id":9758,"date":"2024-08-13T19:51:54","date_gmt":"2024-08-13T19:51:54","guid":{"rendered":"https:\/\/www.orquestraouropreto.com.br\/site\/?p=9758"},"modified":"2024-08-13T19:51:54","modified_gmt":"2024-08-13T19:51:54","slug":"gonzagao-em-paracatu","status":"publish","type":"post","link":"https:\/\/www.orquestraouropreto.com.br\/site\/gonzagao-em-paracatu\/","title":{"rendered":"Gonzag\u00e3o, em Paracatu"},"content":{"rendered":"<p style=\"text-align: center;\">31 de agosto, no Largo do Ros\u00e1rio<br \/>\n<!--more--><\/p>\n<h3 class=\"p1\" style=\"text-align: center;\"><b>ORQUESTRA OURO PRETO CELEBRA LUIZ GONZAGA EM PARACATU <\/b><\/h3>\n<p class=\"p3\" style=\"text-align: center;\"><i>Cl\u00e1ssicos do Rei do Bai\u00e3o ir\u00e3o embalar o p\u00fablico no dia 31 de agosto, durante a Fliparacatu<\/i><\/p>\n<p>&nbsp;<\/p>\n<p class=\"p6\">A cidade de <b>Paracatu<\/b> foi escolhida pela <b>Orquestra Ouro Preto<\/b> para receber a turn\u00ea que celebra a inestim\u00e1vel obra de Luiz Gonzaga. A cidade mineira ser\u00e1 a quinta parada em 2024 do espet\u00e1culo <b>\u201cGonzag\u00e3o: Concerto para Cordas e Trio P\u00e9 de Serra\u201d<\/b>, no qual a forma\u00e7\u00e3o mineira coloca toda sua excel\u00eancia e versatilidade a servi\u00e7o das can\u00e7\u00f5es de um dos maiores g\u00eanios da hist\u00f3ria da m\u00fasica brasileira. O concerto gratuito acontecer\u00e1 no dia 31 de agosto, \u00e0s 22h, no Largo do Ros\u00e1rio, e far\u00e1 parte da programa\u00e7\u00e3o do II Festival Liter\u00e1rio Internacional de Paracatu. O evento tem o patroc\u00ednio do Kinross atrav\u00e9s da Lei Federal de Incentivo \u00e0 Cultura, a Lei Rouanet.<\/p>\n<p class=\"p8\"><span class=\"s1\">Sob a reg\u00eancia do maestro Rodrigo Toffolo, as cordas da Orquestra abrem espa\u00e7o para um di\u00e1logo com a sanfona, o tri\u00e2ngulo e a zabumba, criando, nessa mistura \u00fanica entre o erudito e o popular<b>, <\/b><\/span><span class=\"s2\">uma sonoridade rica e vibrante que celebra a cultura nordestina e suas m\u00faltiplas facetas. O concerto foi recebido com entusiasmo pelo p\u00fablico, com apresenta\u00e7\u00f5es completamente lotadas em Belo Horizonte (MG), S\u00e3o Lu\u00eds (MA), Aimor\u00e9s (MG) e Rio de Janeiro, na Praia de Copacabana, para mais de 40 mil pessoas.<\/span><\/p>\n<p class=\"p6\"><span class=\"s3\">Luiz Gonzaga, o Rei do Bai\u00e3o, foi um dos maiores nomes da m\u00fasica brasileira e, como poucos, conquistou o cora\u00e7\u00e3o do Brasil. <\/span><span class=\"s4\">O cantor, compositor e sanfoneiro\u00a0<\/span>nasceu<span class=\"s4\"> em\u00a0Exu, no sert\u00e3o de Pernambuco, em 1912, deixando um legado de can\u00e7\u00f5es conhecidas por muitos e regravadas mesmo ap\u00f3s sua morte, em 1989 \u2013 <\/span>em 2024, completam-se 25 anos de sua despedida.<\/p>\n<p class=\"p8\">Sua obra monumental, composta por mais de 480 composi\u00e7\u00f5es e 1.250 grava\u00e7\u00f5es, \u00e9 capaz de evocar as lembran\u00e7as do S\u00e3o Jo\u00e3o, animar as festas de forr\u00f3 e fazem parte do imagin\u00e1rio coletivo do povo brasileiro.<\/p>\n<p class=\"p6\">Em <b>\u201cGonzag\u00e3o: Concerto para Cordas e Trio P\u00e9 de Serra\u201d<\/b>,<span class=\"s4\"> a proposta \u00e9 contemplar os <\/span>grandes sucessos da carreira do artista e evidenciar a grandiosidade de uma obra que o fez ganhar o t\u00edtulo de Rei. Com arranjos de Mateus Freire, o programa apresenta <span class=\"s3\">cl\u00e1ssicos como \u201cAsa Branca\u201d, \u201cO Xote das Meninas\u201d, \u201cQui Nem Jil\u00f3\u201d, \u201cVida de Viajante\u201d e \u201cAssum Preto\u201d, em um repert\u00f3rio que celebra a alma nordestina.<\/span><\/p>\n<p class=\"p6\"><span class=\"s3\">\u201c<\/span><span class=\"s4\">O repert\u00f3rio contempla cl\u00e1ssicos de \u2018Seu Luiz\u2019 dentro de uma roupagem \u00fanica. \u00c9 um encontro de timbres e musicalidade que certamente \u00e9 um marco na nossa trajet\u00f3ria\u201d, garante o maestro Rodrigo Toffolo. <\/span><\/p>\n<p class=\"p6\"><span class=\"s4\">No palco, os m\u00fasicos da Orquestra Ouro Preto t\u00eam a companhia de um aut\u00eantico trio p\u00e9 de serra, que <\/span>se complementam de forma a manter a ess\u00eancia da originalidade das can\u00e7\u00f5es de Gonzag\u00e3o que j\u00e1 fazem parte do nosso imagin\u00e1rio coletivo.<\/p>\n<p>&nbsp;<\/p>\n<hr \/>\n<p><b>SERVI\u00c7O<\/b><br \/>\n<b>Orquestra Ouro Preto: Gonzag\u00e3o \u2013 Concerto para Cordas e Trio P\u00e9 de Serra<\/b><br \/>\n<b>Data:<\/b> 31 de agosto, s\u00e1bado<br \/>\n<b>Hor\u00e1rio:<\/b> 22h00<br \/>\n<b>Local:<\/b> Largo do Ros\u00e1rio, Paracatu, Minas Gerais<br \/>\n<b>Ingressos: <\/b>Gratuito em pra\u00e7a p\u00fablica<\/p>\n","protected":false},"excerpt":{"rendered":"<p>31 de agosto, no Largo do Ros\u00e1rio<\/p>\n","protected":false},"author":1,"featured_media":9759,"comment_status":"closed","ping_status":"closed","sticky":false,"template":"","format":"standard","meta":{"footnotes":""},"categories":[289,295],"tags":[],"class_list":{"0":"post-9758","1":"post","2":"type-post","3":"status-publish","4":"format-standard","5":"has-post-thumbnail","7":"category-eventos","8":"category-noticia"},"_links":{"self":[{"href":"https:\/\/www.orquestraouropreto.com.br\/site\/wp-json\/wp\/v2\/posts\/9758","targetHints":{"allow":["GET"]}}],"collection":[{"href":"https:\/\/www.orquestraouropreto.com.br\/site\/wp-json\/wp\/v2\/posts"}],"about":[{"href":"https:\/\/www.orquestraouropreto.com.br\/site\/wp-json\/wp\/v2\/types\/post"}],"author":[{"embeddable":true,"href":"https:\/\/www.orquestraouropreto.com.br\/site\/wp-json\/wp\/v2\/users\/1"}],"replies":[{"embeddable":true,"href":"https:\/\/www.orquestraouropreto.com.br\/site\/wp-json\/wp\/v2\/comments?post=9758"}],"version-history":[{"count":1,"href":"https:\/\/www.orquestraouropreto.com.br\/site\/wp-json\/wp\/v2\/posts\/9758\/revisions"}],"predecessor-version":[{"id":9760,"href":"https:\/\/www.orquestraouropreto.com.br\/site\/wp-json\/wp\/v2\/posts\/9758\/revisions\/9760"}],"wp:featuredmedia":[{"embeddable":true,"href":"https:\/\/www.orquestraouropreto.com.br\/site\/wp-json\/wp\/v2\/media\/9759"}],"wp:attachment":[{"href":"https:\/\/www.orquestraouropreto.com.br\/site\/wp-json\/wp\/v2\/media?parent=9758"}],"wp:term":[{"taxonomy":"category","embeddable":true,"href":"https:\/\/www.orquestraouropreto.com.br\/site\/wp-json\/wp\/v2\/categories?post=9758"},{"taxonomy":"post_tag","embeddable":true,"href":"https:\/\/www.orquestraouropreto.com.br\/site\/wp-json\/wp\/v2\/tags?post=9758"}],"curies":[{"name":"wp","href":"https:\/\/api.w.org\/{rel}","templated":true}]}}