{"id":9829,"date":"2024-09-05T11:01:29","date_gmt":"2024-09-05T11:01:29","guid":{"rendered":"https:\/\/www.orquestraouropreto.com.br\/site\/?p=9829"},"modified":"2024-09-05T11:01:29","modified_gmt":"2024-09-05T11:01:29","slug":"brown-e-orquestra-na-concha","status":"publish","type":"post","link":"https:\/\/www.orquestraouropreto.com.br\/site\/brown-e-orquestra-na-concha\/","title":{"rendered":"Brown e OOP, em Salvador"},"content":{"rendered":"<p style=\"text-align: center;\">24 de setembro, na Concha Ac\u00fastica<br \/>\n<!--more--><\/p>\n<h3 class=\"p1\" style=\"text-align: center;\"><b>CARLINHOS BROWN E ORQUESTRA OURO PRETO APRESENTAM ENCONTRO EM SALVADOR<\/b><\/h3>\n<p class=\"p1\" style=\"text-align: center;\"><i>O cantor, compositor e percussionista apresenta grandes sucessos de sua carreira ao lado da forma\u00e7\u00e3o mineira, uma das mais reconhecidas do pa\u00eds, em \u00fanica apresenta\u00e7\u00e3o, no dia 27 de setembro, sexta-feira, \u00e0s 19h, na Concha Ac\u00fastica<\/i><\/p>\n<p>&nbsp;<\/p>\n<p class=\"p4\">Os ritmos afro-brasileiros e a poesia de <b>Carlinhos Brown<\/b> v\u00e3o se unir ao som das cordas e \u00e0 versatilidade e excel\u00eancia da <b>Orquestra Ouro Preto <\/b>para a grava\u00e7\u00e3o de CD e DVD na Concha Ac\u00fastica de Salvador, numa simbiose pulsante entre o sinf\u00f4nico e o <span class=\"s1\">popular. <\/span>O cantor, compositor, percussionista e multitalentoso artista baiano \u00e9 o convidado da Orquestra para \u00fanica apresenta\u00e7\u00e3o, no dia 27 de setembro, sexta-feira, \u00e0s 19h. Os ingressos podem ser adquiridos no Sympla e na bilheteria do teatro, e o concerto tem patroc\u00ednio da SulAm\u00e9rica, atrav\u00e9s da Lei Federal de Incentivo.<\/p>\n<p><a href=\"https:\/\/bileto.sympla.com.br\/event\/98032?share_id=1-copiarlink\" target=\"_blank\" rel=\"noopener\">Clique aqui para garantir os seus lugares.<\/a><\/p>\n<p class=\"p4\">Com reg\u00eancia do Maestro Rodrigo Toffolo, diretor art\u00edstico e regente titular da Orquestra Ouro Preto, o concerto passeia pela obra de Brown, ressaltando toda sua grandiosidade e exuber\u00e2ncia musical. Nessa uni\u00e3o singular, cabem o berimbau, a percuss\u00e3o e os metais, que se apresentam em total harmonia com os violinos e violoncelos.<\/p>\n<p class=\"p4\">Carlinhos Brown, nascido em 1962 no bairro do Candeal Pequeno em Salvador, Bahia, \u00e9 um artista \u00edmpar que se destaca como um dos mais criativos e inovadores do cen\u00e1rio musical brasileiro. Brown coleciona sucessos e reconhecimento por sua vasta obra e impacto cultural. Sua sensibilidade e talento para criar letras po\u00e9ticas e melodias marcantes renderam a ele parcerias com grandes nomes da MPB, como Maria Beth\u00e2nia, Gal Costa, Caetano Veloso, Marisa Monte, Nando Reis, C\u00e1ssia Eller e Herbert Vianna. Suas composi\u00e7\u00f5es tamb\u00e9m conquistaram a banda Sepultura, demonstrando a versatilidade e o alcance de sua obra.<\/p>\n<p class=\"p7\">O\u00a0repert\u00f3rio do concerto busca contemplar todas essas v\u00e1rias facetas de Brown, reunindo alguns de seus maiores sucessos, incluindo os hits\u00a0\u201cAmor I Love You\u201c, \u201cJ\u00e1 Sei Namorar\u201d e \u201cVilarejo\u201d, gravadas com o grupo\u00a0Tribalistas, ao lado de Marisa\u00a0Monte\u00a0e Arnaldo Antunes. Al\u00e9m dessas can\u00e7\u00f5es, outras p\u00e9rolas do cancioneiro de Brown integram o setlist, entre elas \u201cMaria de Verdade\u201d, \u201cSegue o Seco\u201d, \u201cECT\u201d e as dan\u00e7antes \u201cQuixabeira\u201d e \u201cA Namorada\u201d, que ganham novos arranjos assinados por Paulo Malheiros, que tamb\u00e9m contribuiu com a Orquestra em arranjos para parcerias como Pato Fu, Diogo Nogueira e Anavit\u00f3ria.<\/p>\n<p class=\"p8\"><span class=\"s2\">O norte para a escolha das can\u00e7\u00f5es que integram o concerto, segundo o Maestro Rodrigo Toffolo, partiu da proposta de explicitar o car\u00e1ter compositor do artista, revelando ao p\u00fablico tamb\u00e9m p\u00e9rolas que ficaram famosas na voz de outros artistas e que t\u00eam a assinatura de Brown. <\/span>\u201cO desafio \u00e9 sempre a brasilidade e, no caso de Carlinhos, a baianidade e os ritmos afro-brasileiros que ele trabalha. Acho um desafio mesclar essas duas \u00e1reas, criando um caldeir\u00e3o multicultural. Todos saem ganhando, e o p\u00fablico ter\u00e1 um espet\u00e1culo de alto n\u00edvel e bel\u00edssimo, com a energia l\u00e1 no alto, como \u00e9 peculiar na presen\u00e7a de Brown\u201d, garante o maestro.<\/p>\n<p class=\"p8\">Criador da orquestra de percuss\u00e3o Timbalada, o cantor e compositor destaca a import\u00e2ncia de trabalhar em coletivo e encontrar um ponto harm\u00f4nico nas can\u00e7\u00f5es. \u201cPara mim, cl\u00e1ssico \u00e9 tudo que perdura no inconsciente coletivo, e a Orquestra Ouro Preto se encontra nesse lugar t\u00e3o tradicional quanto moderna. Para ouvidos atentos, esse show ganhar\u00e1 uma for\u00e7a enorme. O que \u00e9 escrito para orquestra se eterniza\u201d. profetiza Brown.<\/p>\n<p>&nbsp;<\/p>\n<hr \/>\n<p><b>SERVI\u00c7O<\/b><br \/>\n<b>Carlinhos Brown e Orquestra Ouro Preto, em Salvador<\/b><\/p>\n<p><b>Data:<\/b> 27 de setembro de 2024, sexta-feira<br \/>\n<b>Hor\u00e1rio:<\/b> 19 horas<br \/>\n<b>Local:<\/b> Concha Ac\u00fastica de Salvador (Pra\u00e7a Dois de Julho, s\/n \u2013 Campo Grande)<br \/>\n<b>Ingressos:<\/b> <a href=\"https:\/\/bileto.sympla.com.br\/event\/98032?share_id=1-copiarlink\" target=\"_blank\" rel=\"noopener\">Clique aqui para garantir os seus lugares.<\/a><\/p>\n","protected":false},"excerpt":{"rendered":"<p>24 de setembro, na Concha Ac\u00fastica<\/p>\n","protected":false},"author":1,"featured_media":9830,"comment_status":"closed","ping_status":"closed","sticky":false,"template":"","format":"standard","meta":{"footnotes":""},"categories":[289,295],"tags":[],"class_list":{"0":"post-9829","1":"post","2":"type-post","3":"status-publish","4":"format-standard","5":"has-post-thumbnail","7":"category-eventos","8":"category-noticia"},"_links":{"self":[{"href":"https:\/\/www.orquestraouropreto.com.br\/site\/wp-json\/wp\/v2\/posts\/9829","targetHints":{"allow":["GET"]}}],"collection":[{"href":"https:\/\/www.orquestraouropreto.com.br\/site\/wp-json\/wp\/v2\/posts"}],"about":[{"href":"https:\/\/www.orquestraouropreto.com.br\/site\/wp-json\/wp\/v2\/types\/post"}],"author":[{"embeddable":true,"href":"https:\/\/www.orquestraouropreto.com.br\/site\/wp-json\/wp\/v2\/users\/1"}],"replies":[{"embeddable":true,"href":"https:\/\/www.orquestraouropreto.com.br\/site\/wp-json\/wp\/v2\/comments?post=9829"}],"version-history":[{"count":1,"href":"https:\/\/www.orquestraouropreto.com.br\/site\/wp-json\/wp\/v2\/posts\/9829\/revisions"}],"predecessor-version":[{"id":9831,"href":"https:\/\/www.orquestraouropreto.com.br\/site\/wp-json\/wp\/v2\/posts\/9829\/revisions\/9831"}],"wp:featuredmedia":[{"embeddable":true,"href":"https:\/\/www.orquestraouropreto.com.br\/site\/wp-json\/wp\/v2\/media\/9830"}],"wp:attachment":[{"href":"https:\/\/www.orquestraouropreto.com.br\/site\/wp-json\/wp\/v2\/media?parent=9829"}],"wp:term":[{"taxonomy":"category","embeddable":true,"href":"https:\/\/www.orquestraouropreto.com.br\/site\/wp-json\/wp\/v2\/categories?post=9829"},{"taxonomy":"post_tag","embeddable":true,"href":"https:\/\/www.orquestraouropreto.com.br\/site\/wp-json\/wp\/v2\/tags?post=9829"}],"curies":[{"name":"wp","href":"https:\/\/api.w.org\/{rel}","templated":true}]}}