{"id":9840,"date":"2024-10-07T22:35:46","date_gmt":"2024-10-07T22:35:46","guid":{"rendered":"https:\/\/www.orquestraouropreto.com.br\/site\/?p=9840"},"modified":"2024-10-07T22:35:46","modified_gmt":"2024-10-07T22:35:46","slug":"o-pequeno-principe","status":"publish","type":"post","link":"https:\/\/www.orquestraouropreto.com.br\/site\/o-pequeno-principe\/","title":{"rendered":"O Pequeno Pr\u00edncipe"},"content":{"rendered":"<p style=\"text-align: center;\">20 de outubro, no Sesc Palladium<br \/>\n<!--more--><\/p>\n<h3 class=\"p1\" style=\"text-align: center;\"><b>ORQUESTRA OURO PRETO CELEBRA O M\u00caS DAS CRIAN\u00c7AS COM APRESENTA\u00c7\u00c3O DO CL\u00c1SSICO \u201cO PEQUENO PR\u00cdNCIPE\u201d<\/b><\/h3>\n<p class=\"p1\" style=\"text-align: center;\"><i>Concerto multim\u00eddia, inspirado em um dos mais famosos textos da literatura infanto-juvenil, \u00e9 atra\u00e7\u00e3o da s\u00e9rie Domingos Cl\u00e1ssicos, dia 20 de outubro, \u00e0s 11h, no Sesc Palladium, com ingressos a pre\u00e7os populares<\/i><\/p>\n<p>&nbsp;<\/p>\n<p class=\"p1\">Em celebra\u00e7\u00e3o especial ao M\u00eas das Crian\u00e7as, a Orquestra Ouro Preto traz ao palco o encantador concerto c\u00eanico-musical <i>O Pequeno Pr\u00edncipe<\/i>, baseado na cl\u00e1ssica obra de Antoine de Saint-Exup\u00e9ry. O espet\u00e1culo ter\u00e1 uma \u00fanica apresenta\u00e7\u00e3o no dia 20 de outubro, \u00e0s 11h, no Grande Teatro do Sesc Palladium, com ingressos a pre\u00e7os populares.<\/p>\n<p><a href=\"https:\/\/bileto.sympla.com.br\/event\/98521?share_id=1-copiarlink\" target=\"_blank\" rel=\"noopener\">Clique aqui para garantir os seus ingressos.<\/a><\/p>\n<p class=\"p1\">A Orquestra Ouro Preto, conhecida por sua abordagem inovadora e envolvente, prop\u00f5e uma experi\u00eancia \u00fanica em seus projetos, sempre com o objetivo de formar novos p\u00fablicos. Sob a dire\u00e7\u00e3o do regente Rodrigo Toffolo, <i>O Pequeno Pr\u00edncipe<\/i> extrapola a linguagem musical, incorporando elementos de teatro de bonecos, assinados pelo grupo Pigmale\u00e3o Escultura que Mexe, proporcionando uma viagem m\u00e1gica ao universo do personagem e suas aventuras.<\/p>\n<p class=\"p1\">A obra liter\u00e1ria narra a hist\u00f3ria de um jovem pr\u00edncipe que vive em um pequeno planeta e parte em uma aventura em busca da amizade, um enredo atemporal que ressoa com p\u00fablicos de todas as idades. N\u00e3o \u00e9 por acaso que o livro do escritor franc\u00eas \u00e9 considerado um dos mais lidos do mundo, com tradu\u00e7\u00f5es em mais de 250 pa\u00edses. A tem\u00e1tica universal e o profundo teor filos\u00f3fico do texto fizeram com que ele atravessasse o tempo.<\/p>\n<p class=\"p1\">Com m\u00fasica original de Tim Rescala, um dos compositores mais premiados do Brasil, o concerto oferece uma experi\u00eancia sensorial, onde cada personagem \u00e9 representado por um instrumento musical: o cravo simboliza o Rei, o xilofone representa o Homem de Neg\u00f3cios, e a flauta d\u00e1 vida ao Ge\u00f3grafo. Essa intera\u00e7\u00e3o entre m\u00fasica e narrativa procura encantar tanto adultos quanto crian\u00e7as.<\/p>\n<p class=\"p1\">A adapta\u00e7\u00e3o realizada pela Orquestra Ouro Preto, assinada pelo maestro Rodrigo Toffolo, mant\u00e9m a ess\u00eancia da obra original, preservando frases marcantes que estimulam a reflex\u00e3o. &#8220;O espet\u00e1culo n\u00e3o \u00e9 apenas infantil; busquei fazer uma adapta\u00e7\u00e3o fiel, com a rica musicalidade de Tim Rescala, que tamb\u00e9m empresta sua voz \u00e0 narra\u00e7\u00e3o&#8221;, destaca o maestro.<\/p>\n<p class=\"p1\">Toffolo ressalta que a apresenta\u00e7\u00e3o vai al\u00e9m da performance musical tradicional, criando uma experi\u00eancia multim\u00eddia capaz de envolver o p\u00fablico dentro da narrativa. &#8220;Aqui, a hist\u00f3ria \u00e9 contada atrav\u00e9s da m\u00fasica e dos bonecos, proporcionando um espet\u00e1culo din\u00e2mico e envolvente&#8221;, explica.<\/p>\n<p class=\"p1\">Desde sua concep\u00e7\u00e3o, em 2018, a vers\u00e3o da forma\u00e7\u00e3o mineira tem sido acolhida com grande sucesso pelo p\u00fablico, com apresenta\u00e7\u00f5es sempre lotadas. A recep\u00e7\u00e3o foi t\u00e3o calorosa que a obra foi registrada, em vers\u00f5es em portugu\u00eas e ingl\u00eas, e disponibilizada em todas as plataformas digitais.<\/p>\n<p class=\"p1\">O espet\u00e1culo <i>O Pequeno Pr\u00edncipe<\/i> vem cativando o p\u00fablico, revelando toda a sua poesia para os pequenos e reacendendo mem\u00f3rias de adultos que redescobrem a beleza da narrativa de Saint-Exup\u00e9ry, desta vez, com a assinatura da Orquestra Ouro Preto.<\/p>\n<p>&nbsp;<\/p>\n<hr \/>\n<p><b>Servi\u00e7o <\/b><br \/>\n<b>Orquestra Ouro Preto: \u201cO Pequeno Pr\u00edncipe\u201d<\/b><\/p>\n<p><b>Data:<\/b> 20 de outubro, domingo<br \/>\n<b>Hor\u00e1rio:<\/b> 11 horas<br \/>\n<b>Local:<\/b> Grande Teatro do Sesc Palladium (rua Rio de Janeiro, 1046, centro. BH)<br \/>\n<b>Ingressos:<\/b> <a href=\"https:\/\/bileto.sympla.com.br\/event\/98521?share_id=1-copiarlink\" target=\"_blank\" rel=\"noopener\">Clique aqui para garantir os seus ingressos.<\/a><\/p>\n","protected":false},"excerpt":{"rendered":"<p>20 de outubro, no Sesc Palladium<\/p>\n","protected":false},"author":1,"featured_media":9841,"comment_status":"closed","ping_status":"closed","sticky":false,"template":"","format":"standard","meta":{"footnotes":""},"categories":[289,295],"tags":[],"class_list":{"0":"post-9840","1":"post","2":"type-post","3":"status-publish","4":"format-standard","5":"has-post-thumbnail","7":"category-eventos","8":"category-noticia"},"_links":{"self":[{"href":"https:\/\/www.orquestraouropreto.com.br\/site\/wp-json\/wp\/v2\/posts\/9840","targetHints":{"allow":["GET"]}}],"collection":[{"href":"https:\/\/www.orquestraouropreto.com.br\/site\/wp-json\/wp\/v2\/posts"}],"about":[{"href":"https:\/\/www.orquestraouropreto.com.br\/site\/wp-json\/wp\/v2\/types\/post"}],"author":[{"embeddable":true,"href":"https:\/\/www.orquestraouropreto.com.br\/site\/wp-json\/wp\/v2\/users\/1"}],"replies":[{"embeddable":true,"href":"https:\/\/www.orquestraouropreto.com.br\/site\/wp-json\/wp\/v2\/comments?post=9840"}],"version-history":[{"count":1,"href":"https:\/\/www.orquestraouropreto.com.br\/site\/wp-json\/wp\/v2\/posts\/9840\/revisions"}],"predecessor-version":[{"id":9842,"href":"https:\/\/www.orquestraouropreto.com.br\/site\/wp-json\/wp\/v2\/posts\/9840\/revisions\/9842"}],"wp:featuredmedia":[{"embeddable":true,"href":"https:\/\/www.orquestraouropreto.com.br\/site\/wp-json\/wp\/v2\/media\/9841"}],"wp:attachment":[{"href":"https:\/\/www.orquestraouropreto.com.br\/site\/wp-json\/wp\/v2\/media?parent=9840"}],"wp:term":[{"taxonomy":"category","embeddable":true,"href":"https:\/\/www.orquestraouropreto.com.br\/site\/wp-json\/wp\/v2\/categories?post=9840"},{"taxonomy":"post_tag","embeddable":true,"href":"https:\/\/www.orquestraouropreto.com.br\/site\/wp-json\/wp\/v2\/tags?post=9840"}],"curies":[{"name":"wp","href":"https:\/\/api.w.org\/{rel}","templated":true}]}}