{"id":9935,"date":"2025-01-02T15:42:40","date_gmt":"2025-01-02T15:42:40","guid":{"rendered":"https:\/\/www.orquestraouropreto.com.br\/site\/?p=9935"},"modified":"2025-01-02T15:50:57","modified_gmt":"2025-01-02T15:50:57","slug":"valencianas-eurotour-2025","status":"publish","type":"post","link":"https:\/\/www.orquestraouropreto.com.br\/site\/valencianas-eurotour-2025\/","title":{"rendered":"Valencianas EuroTour 2025"},"content":{"rendered":"<p style=\"text-align: center;\">7 concertos no in\u00edcio de 2025<br \/>\n<!--more--><\/p>\n<h3 class=\"p1\" style=\"text-align: center;\"><b>Alceu Valen\u00e7a e a Orquestra Ouro Preto apresentam Valencianas na Europa<\/b><\/h3>\n<p class=\"p2\" style=\"text-align: center;\"><i>A colabora\u00e7\u00e3o entre o cantor e compositor pernambucano e a orquestra mineira ter\u00e1 lugar em seis pa\u00edses no in\u00edcio de 2025<\/i><i><\/i><\/p>\n<p>&nbsp;<\/p>\n<p>Das manifesta\u00e7\u00f5es tropicais e agrestes de Pernambuco \u00e0 alma barroca de Minas Gerais, a m\u00fasica de Alceu Valen\u00e7a encontra-se com a Orquestra Ouro Preto no aclamado concerto <strong>Valencianas<\/strong>. O espet\u00e1culo, que oferece uma abordagem de m\u00fasica de c\u00e2mara aos temas do compositor, retorna \u00e0 Europa no in\u00edcio de 2025.<\/p>\n<p>30\/01 . Londres . The Barbican Center . <a href=\"https:\/\/www.barbican.org.uk\/whats-on\/2025\/event\/alceu-valenca-orquestra-ouro-preto\" target=\"_blank\" rel=\"noopener\">[Bilhetes aqui]<\/a><br \/>\n01\/02 . Paris . Salle Pleyel . <a href=\"https:\/\/www.sallepleyel.com\/evenement\/alceu-valenca\/\" target=\"_blank\" rel=\"noopener\">[Bilhetes aqui]<\/a><br \/>\n03\/02 . Utrecht . TivoliVredenburg . <a href=\"https:\/\/www.tivolivredenburg.nl\/agenda\/78093904\/alceu-valenca-orquestra-ouro-preto-03-02-2025\" target=\"_blank\" rel=\"noopener\">[Bilhetes aqui]<\/a><br \/>\n04\/02 . Barcelona . Paral\u00b7lel 62 . <a href=\"https:\/\/ticketfever.es\/events\/alceu-valenca-y-orquestra-ouro-preto-en-barcelona\" target=\"_blank\" rel=\"noopener\">[Bilhetes aqui]<\/a><br \/>\n06\/02 . Berlim . Funkhaus . <a href=\"https:\/\/ticket.funkhaus-berlin.net\/%7B%22main%22%3A%7B%22component%22%3A%22funkhaus-event%22%2C%22state%22%3A%7B%22eventID%22%3A%22uScg5dmKegTjsLCqXrRZ%22%7D%7D%7D\" target=\"_blank\" rel=\"noopener\">[Bilhetes aqui]<\/a><br \/>\n08\/02 . Porto . Casa da M\u00fasica . <a href=\"https:\/\/casadamusica.com\/?event=alceu-valenca-e-orquestra-ouro-preto\" target=\"_blank\" rel=\"noopener\">[Bilhetes aqui]<\/a><br \/>\n09\/02 . Lisboa . Centro Cultural de Bel\u00e9m . <a href=\"https:\/\/www.bol.pt\/Comprar\/Bilhetes\/146194-alceu_valenca_orquestra_ouro_preto-ccb\/\" target=\"_blank\" rel=\"noopener\">[Bilhetes aqui]<\/a><\/p>\n<p>O concerto re\u00fane temas dos dois \u00e1lbuns ao vivo que formam a ess\u00eancia do projeto: <strong>Valencianas I<\/strong>, gravado em Belo Horizonte em 2014 e vencedor do Pr\u00eamio da M\u00fasica Brasileira, e <strong>Valencianas II<\/strong>, gravado na Casa da M\u00fasica, no Porto, em Portugal, em 2020. Sob a dire\u00e7\u00e3o de Rodrigo Toffolo e com arranjos de Mateus Freire, o espet\u00e1culo oferece uma perspectiva vers\u00e1til e sofisticada da obra de um dos artistas musicais mais importantes do Brasil.<\/p>\n<p>No repert\u00f3rio, as can\u00e7\u00f5es consagradas de Alceu Valen\u00e7a\u2014<strong>Anuncia\u00e7\u00e3o, Belle de Jour, Tropicana, Cora\u00e7\u00e3o Bobo, Girassol, Cavalo de Pau, Como Dois Animais<\/strong> e <strong>T\u00e1xi Lunar<\/strong>\u2014misturam-se com joias menos conhecidas de seu repert\u00f3rio, como <strong>Sino de Ouro, Sete Desejos, Junho<\/strong> e <strong>Dia Branco<\/strong>. Inclui tamb\u00e9m temas orquestrais criados pelo pr\u00f3prio Alceu e a su\u00edte <strong>Valencianas<\/strong>, composta por Mateus Freire a partir de diversas refer\u00eancias do universo do cantor.<\/p>\n<p>Segundo Alceu, este projeto representa uma nova abordagem \u00e0 sua discografia. \u201c\u00c9 em grande parte gra\u00e7as ao esp\u00edrito da Orquestra Ouro Preto. S\u00e3o m\u00fasicos jovens e muito talentosos que contagiam com a destreza com que tocam seus instrumentos e a maneira como captam as sutilezas da minha m\u00fasica,\u201d resume.<\/p>\n<p>Para o maestro Rodrigo Toffolo, \u201cAlceu \u00e9 uma refer\u00eancia da m\u00fasica brasileira pela sua aud\u00e1cia e contemporaneidade eternas. <strong>Valencianas<\/strong> combina os g\u00eaneros do sert\u00e3o e do agreste, t\u00e3o presentes na sua obra, com a versatilidade da m\u00fasica de concerto. N\u00e3o \u00e9 apenas uma forma de homenagear um mestre, mas tamb\u00e9m de evidenciar a profunda brasilidade que a sua obra nos transmite.\u201d<\/p>\n<p>Ap\u00f3s uma turn\u00ea pelo Brasil com <strong>Valencianas<\/strong>, que teve ingressos esgotados de norte a sul do pa\u00eds, Alceu e a Orquestra Ouro Preto se preparam para uma nova aventura com esta turn\u00ea europeia. \u201c<strong>Valencianas<\/strong> \u00e9 um b\u00e1lsamo para a alma e para os ouvidos, interpretado com eleg\u00e2ncia e sensibilidade. \u00c9 um espet\u00e1culo capaz de emocionar o p\u00fablico em qualquer sala de concertos do mundo,\u201d assegura Alceu.<\/p>\n<p>&nbsp;<\/p>\n<hr \/>\n<p><strong>A hist\u00f3ria do projeto<\/strong><\/p>\n<p><strong>Valencianas<\/strong> foi concebido em 2010 para celebrar os 40 anos de carreira de Alceu Valen\u00e7a, a convite do produtor Paulo Rog\u00e9rio Lage, que h\u00e1 muito desejava dar uma vertente orquestral \u00e0 obra do artista pernambucano.<\/p>\n<p>O encontro entre Alceu e a orquestra dirigida por Rodrigo Toffolo representou uma experi\u00eancia in\u00e9dita na carreira do cantor e um novo cap\u00edtulo na m\u00fasica brasileira. Esta colabora\u00e7\u00e3o foi um sucesso absoluto, atraindo milhares de pessoas a teatros e pra\u00e7as do Brasil e de Portugal.<\/p>\n<p>Com a grava\u00e7\u00e3o do CD e DVD <strong>Valencianas: Alceu Valen\u00e7a e Orquestra Ouro Preto<\/strong> em 2014, o projeto, aclamado pela cr\u00edtica e celebrado pelo p\u00fablico, recebeu o Pr\u00eamio da M\u00fasica Brasileira em 2015, na categoria de Melhor \u00c1lbum do Ano. Nas plataformas digitais, <strong>Valencianas<\/strong> ultrapassou centenas de milhares de reprodu\u00e7\u00f5es.<\/p>\n<p><strong>Valencianas II<\/strong> nasceu com um grande apoio do p\u00fablico. Antes da grava\u00e7\u00e3o do segundo \u00e1lbum em 2019, o concerto j\u00e1 havia reunido 35 mil pessoas no Recife, 50 mil no Parque Ibirapuera, em S\u00e3o Paulo, e teve ingressos esgotados em duas sess\u00f5es em Belo Horizonte. O sucesso continuou com um grande concerto de lan\u00e7amento na praia de Copacabana, em 2022, e uma apresenta\u00e7\u00e3o no Espa\u00e7o Unimed, em S\u00e3o Paulo, com um p\u00fablico total de 100 mil pessoas entre as duas cidades.<\/p>\n<p>Em 2023, o espet\u00e1culo percorreu o pa\u00eds com apresenta\u00e7\u00f5es em Bras\u00edlia, Jo\u00e3o Pessoa, Olinda, Trancoso, Belo Horizonte, Rio de Janeiro, S\u00e3o Paulo e Vit\u00f3ria, com um p\u00fablico entusiasta que cantava todos os sucessos de Alceu. Paralelamente, o projeto teve grande repercuss\u00e3o nas redes sociais e plataformas digitais, acumulando milhares de reprodu\u00e7\u00f5es.<\/p>\n<p>&nbsp;<\/p>\n<hr \/>\n<p><strong>Sobre a Orquestra Ouro Preto<\/strong><\/p>\n<p>Uma das orquestras mais prestigiadas do Brasil, a Orquestra Ouro Preto tem Rodrigo Toffolo como diretor art\u00edstico e regente principal. O grupo, premiado com diversas distin\u00e7\u00f5es nacionais, j\u00e1 se apresentou nas principais salas de concertos do Brasil e do mundo. Fundada em 2000, a orquestra \u00e9 caracterizada pelo seu esp\u00edrito experimental e inovador.<\/p>\n<p>O objetivo da Orquestra Ouro Preto \u00e9 aproximar a m\u00fasica de concerto do grande p\u00fablico, tirando-a das salas tradicionais e tornando-a mais acess\u00edvel. O diretor e os m\u00fasicos buscam desmistificar o estilo cl\u00e1ssico, tornando-o atrativo para todos os ouvintes.<\/p>\n<p>A f\u00f3rmula da orquestra combina excel\u00eancia e versatilidade, misturando estilos cl\u00e1ssicos com g\u00eaneros populares como rock, MPB e hip hop. O grupo tamb\u00e9m dedica aten\u00e7\u00e3o especial \u00e0 efervesc\u00eancia cultural da Am\u00e9rica Latina, focando-se na m\u00fasica brasileira e de outros pa\u00edses vizinhos, al\u00e9m de pesquisar e divulgar repert\u00f3rios relacionados \u00e0 Escola de Minas Gerais do s\u00e9culo XVII.<\/p>\n<p>&nbsp;<\/p>\n<hr \/>\n<p class=\"p4\"><b>Informa\u00e7\u00f5es sobre a digress\u00e3o<\/b><\/p>\n<p class=\"p4\"><b>EuroTour 2025: Valencianas \u2013 Alceu Valen\u00e7a e Orquestra Ouro Preto<\/b><\/p>\n<p class=\"p4\">30\/01 . Londres . The Barbican Center . <a href=\"https:\/\/www.barbican.org.uk\/whats-on\/2025\/event\/alceu-valenca-orquestra-ouro-preto\" target=\"_blank\" rel=\"noopener\">[Bilhetes aqui]<\/a><br \/>\n01\/02 . Paris . Salle Pleyel . <a href=\"https:\/\/www.sallepleyel.com\/evenement\/alceu-valenca\/\" target=\"_blank\" rel=\"noopener\">[Bilhetes aqui]<\/a><br \/>\n03\/02 . Utrecht . TivoliVredenburg . <a href=\"https:\/\/www.tivolivredenburg.nl\/agenda\/78093904\/alceu-valenca-orquestra-ouro-preto-03-02-2025\" target=\"_blank\" rel=\"noopener\">[Bilhetes aqui]<\/a><br \/>\n04\/02 . Barcelona . Paral\u00b7lel 62 . <a href=\"https:\/\/ticketfever.es\/events\/alceu-valenca-y-orquestra-ouro-preto-en-barcelona\" target=\"_blank\" rel=\"noopener\">[Bilhetes aqui]<\/a><br \/>\n06\/02 . Berlim . Funkhaus . <a href=\"https:\/\/ticket.funkhaus-berlin.net\/%7B%22main%22%3A%7B%22component%22%3A%22funkhaus-event%22%2C%22state%22%3A%7B%22eventID%22%3A%22uScg5dmKegTjsLCqXrRZ%22%7D%7D%7D\" target=\"_blank\" rel=\"noopener\">[Bilhetes aqui]<\/a><br \/>\n08\/02 . Porto . Casa da M\u00fasica . <a href=\"https:\/\/casadamusica.com\/?event=alceu-valenca-e-orquestra-ouro-preto\" target=\"_blank\" rel=\"noopener\">[Bilhetes aqui]<\/a><br \/>\n09\/02 . Lisboa . Centro Cultural de Bel\u00e9m . <a href=\"https:\/\/www.bol.pt\/Comprar\/Bilhetes\/146194-alceu_valenca_orquestra_ouro_preto-ccb\/\" target=\"_blank\" rel=\"noopener\">[Bilhetes aqui]<\/a><\/p>\n","protected":false},"excerpt":{"rendered":"<p>7 concertos no in\u00edcio de 2025<\/p>\n","protected":false},"author":1,"featured_media":9938,"comment_status":"closed","ping_status":"closed","sticky":false,"template":"","format":"standard","meta":{"footnotes":""},"categories":[289,295],"tags":[],"class_list":{"0":"post-9935","1":"post","2":"type-post","3":"status-publish","4":"format-standard","5":"has-post-thumbnail","7":"category-eventos","8":"category-noticia"},"_links":{"self":[{"href":"https:\/\/www.orquestraouropreto.com.br\/site\/wp-json\/wp\/v2\/posts\/9935","targetHints":{"allow":["GET"]}}],"collection":[{"href":"https:\/\/www.orquestraouropreto.com.br\/site\/wp-json\/wp\/v2\/posts"}],"about":[{"href":"https:\/\/www.orquestraouropreto.com.br\/site\/wp-json\/wp\/v2\/types\/post"}],"author":[{"embeddable":true,"href":"https:\/\/www.orquestraouropreto.com.br\/site\/wp-json\/wp\/v2\/users\/1"}],"replies":[{"embeddable":true,"href":"https:\/\/www.orquestraouropreto.com.br\/site\/wp-json\/wp\/v2\/comments?post=9935"}],"version-history":[{"count":3,"href":"https:\/\/www.orquestraouropreto.com.br\/site\/wp-json\/wp\/v2\/posts\/9935\/revisions"}],"predecessor-version":[{"id":9941,"href":"https:\/\/www.orquestraouropreto.com.br\/site\/wp-json\/wp\/v2\/posts\/9935\/revisions\/9941"}],"wp:featuredmedia":[{"embeddable":true,"href":"https:\/\/www.orquestraouropreto.com.br\/site\/wp-json\/wp\/v2\/media\/9938"}],"wp:attachment":[{"href":"https:\/\/www.orquestraouropreto.com.br\/site\/wp-json\/wp\/v2\/media?parent=9935"}],"wp:term":[{"taxonomy":"category","embeddable":true,"href":"https:\/\/www.orquestraouropreto.com.br\/site\/wp-json\/wp\/v2\/categories?post=9935"},{"taxonomy":"post_tag","embeddable":true,"href":"https:\/\/www.orquestraouropreto.com.br\/site\/wp-json\/wp\/v2\/tags?post=9935"}],"curies":[{"name":"wp","href":"https:\/\/api.w.org\/{rel}","templated":true}]}}