{"id":9955,"date":"2025-02-27T11:52:27","date_gmt":"2025-02-27T11:52:27","guid":{"rendered":"https:\/\/www.orquestraouropreto.com.br\/site\/?p=9955"},"modified":"2025-02-27T13:53:32","modified_gmt":"2025-02-27T13:53:32","slug":"rufo-herrera-quinteto-tempos","status":"publish","type":"post","link":"https:\/\/www.orquestraouropreto.com.br\/site\/rufo-herrera-quinteto-tempos\/","title":{"rendered":"Rufo Herrera"},"content":{"rendered":"<p style=\"text-align: center;\">23 de mar\u00e7o, no Sesc Palladium<br \/>\n<!--more--><\/p>\n<h3 class=\"p1\" style=\"text-align: center;\"><b>ORQUESTRA OURO PRETO CELEBRA A M\u00daSICA DE RUFO HERRERA E O QUINTETO TEMPOS<\/b><\/h3>\n<p class=\"p2\" style=\"text-align: center;\"><i>O concerto especial acontece no dia 23 de mar\u00e7o, no Sesc Palladium, e contar\u00e1 com a participa\u00e7\u00e3o do Quinteto Tempos<\/i><\/p>\n<p>&nbsp;<\/p>\n<p class=\"p4\">Na abertura da temporada da s\u00e9rie Domingos Cl\u00e1ssicos, a m\u00fasica brasileira e sul-americana ser\u00e1 celebrada com um concerto inesquec\u00edvel em tributo \u00e0 carreira do compositor, bandoneonista e cofundador da Orquestra Ouro Preto, Rufo Herrera. A apresenta\u00e7\u00e3o ocorrer\u00e1 no dia 23 de mar\u00e7o, \u00e0s 11h, no Sesc Palladium, com a participa\u00e7\u00e3o do Quinteto Tempos, grupo de grande destaque que acompanhou Rufo em parte de sua trajet\u00f3ria.<\/p>\n<p><a href=\"https:\/\/bileto.sympla.com.br\/event\/103623?share_id=1-copiarlink\" target=\"_blank\" rel=\"noopener\">Clique aqui para garantir os seus ingressos.<\/a><\/p>\n<p class=\"p4\">Formado por Rufo, Ant\u00f4nio Viola (violoncelo), Fernando Santos (contrabaixo ac\u00fastico), Marcos Alves (percuss\u00e3o) e Giuliano Coura (viol\u00e3o), o Quinteto Tempos foi criado em 1992 com o objetivo de estabelecer uma conex\u00e3o entre a m\u00fasica de concerto e a m\u00fasica popular instrumental. O grupo ficou reconhecido pela excel\u00eancia t\u00e9cnica e pela capacidade de transitar entre diversos estilos, sempre com uma abordagem inovadora e sens\u00edvel. Ao longo de sua exist\u00eancia, o quinteto foi fundamental para a realiza\u00e7\u00e3o de v\u00e1rias das grandes composi\u00e7\u00f5es de Rufo, explorando um vasto repert\u00f3rio, refletindo a riqueza e diversidade da m\u00fasica sul-americana.<\/p>\n<p class=\"p4\">O concerto ser\u00e1 um verdadeiro tributo ao legado de Rufo Herrera, apresentando interpreta\u00e7\u00f5es de suas obras, incluindo estreias de composi\u00e7\u00f5es in\u00e9ditas criadas ao longo de sua carreira. O programa destaca a genialidade de um m\u00fasico cuja obra transcendeu fronteiras e continua a influenciar gera\u00e7\u00f5es de artistas.<\/p>\n<p class=\"p4\">Natural de C\u00f3rdoba, Argentina, e radicado em Minas Gerais h\u00e1 mais de 60 anos, Rufo \u00e9 considerado um dos maiores bandoneonistas do mundo, tendo desenvolvido uma linguagem musical \u00fanica para o instrumento. Ao longo de sua carreira, ele n\u00e3o s\u00f3 deixou uma marca indel\u00e9vel na m\u00fasica, mas tamb\u00e9m no teatro, no audiovisual e na educa\u00e7\u00e3o, sendo um incans\u00e1vel pesquisador e promotor das artes em suas m\u00faltiplas formas.<\/p>\n<p class=\"p4\">Como cofundador da Orquestra Ouro Preto, ao lado de Ronaldo Toffolo, Rufo teve papel fundamental na constru\u00e7\u00e3o da identidade da forma\u00e7\u00e3o, que, sob a reg\u00eancia de Rodrigo Toffolo, segue quebrando paradigmas ao aliar tradi\u00e7\u00e3o e inova\u00e7\u00e3o.<\/p>\n<p class=\"p4\"><span class=\"s1\">\u201c<\/span>O Quinteto Tempos sempre nos inspirou. Cada apresenta\u00e7\u00e3o do <i>ensemble<\/i> sempre foi marcada por uma musicalidade singular. Estamos felizes em contar com sua presen\u00e7a neste concerto especial\u201d, afirma o Maestro Rodrigo Toffolo.<\/p>\n<p>&nbsp;<\/p>\n<hr \/>\n<p><b>SERVI\u00c7O<\/b><br \/>\n<b>Orquestra Ouro Preto: Rufo Herrera &amp; Quinteto Tempos<\/b><\/p>\n<p><b>Data:<\/b> 23 de mar\u00e7o de 2025, domingo<br \/>\n<b>Hor\u00e1rio: <\/b>11 horas<br \/>\n<b>Classifica\u00e7\u00e3o: <\/b>livre<br \/>\n<b>Ingressos:<\/b> <a href=\"https:\/\/bileto.sympla.com.br\/event\/103623?share_id=1-copiarlink\" target=\"_blank\" rel=\"noopener\">Clique aqui para garantir os seus ingressos.<\/a><\/p>\n","protected":false},"excerpt":{"rendered":"<p>23 de mar\u00e7o, no Sesc Palladium<\/p>\n","protected":false},"author":1,"featured_media":9956,"comment_status":"closed","ping_status":"closed","sticky":false,"template":"","format":"standard","meta":{"footnotes":""},"categories":[289,295],"tags":[],"class_list":{"0":"post-9955","1":"post","2":"type-post","3":"status-publish","4":"format-standard","5":"has-post-thumbnail","7":"category-eventos","8":"category-noticia"},"_links":{"self":[{"href":"https:\/\/www.orquestraouropreto.com.br\/site\/wp-json\/wp\/v2\/posts\/9955","targetHints":{"allow":["GET"]}}],"collection":[{"href":"https:\/\/www.orquestraouropreto.com.br\/site\/wp-json\/wp\/v2\/posts"}],"about":[{"href":"https:\/\/www.orquestraouropreto.com.br\/site\/wp-json\/wp\/v2\/types\/post"}],"author":[{"embeddable":true,"href":"https:\/\/www.orquestraouropreto.com.br\/site\/wp-json\/wp\/v2\/users\/1"}],"replies":[{"embeddable":true,"href":"https:\/\/www.orquestraouropreto.com.br\/site\/wp-json\/wp\/v2\/comments?post=9955"}],"version-history":[{"count":3,"href":"https:\/\/www.orquestraouropreto.com.br\/site\/wp-json\/wp\/v2\/posts\/9955\/revisions"}],"predecessor-version":[{"id":9970,"href":"https:\/\/www.orquestraouropreto.com.br\/site\/wp-json\/wp\/v2\/posts\/9955\/revisions\/9970"}],"wp:featuredmedia":[{"embeddable":true,"href":"https:\/\/www.orquestraouropreto.com.br\/site\/wp-json\/wp\/v2\/media\/9956"}],"wp:attachment":[{"href":"https:\/\/www.orquestraouropreto.com.br\/site\/wp-json\/wp\/v2\/media?parent=9955"}],"wp:term":[{"taxonomy":"category","embeddable":true,"href":"https:\/\/www.orquestraouropreto.com.br\/site\/wp-json\/wp\/v2\/categories?post=9955"},{"taxonomy":"post_tag","embeddable":true,"href":"https:\/\/www.orquestraouropreto.com.br\/site\/wp-json\/wp\/v2\/tags?post=9955"}],"curies":[{"name":"wp","href":"https:\/\/api.w.org\/{rel}","templated":true}]}}