{"id":9990,"date":"2025-03-25T12:06:52","date_gmt":"2025-03-25T12:06:52","guid":{"rendered":"https:\/\/www.orquestraouropreto.com.br\/site\/?p=9990"},"modified":"2025-03-25T12:07:28","modified_gmt":"2025-03-25T12:07:28","slug":"the-beatles-bh","status":"publish","type":"post","link":"https:\/\/www.orquestraouropreto.com.br\/site\/the-beatles-bh\/","title":{"rendered":"The Beatles em BH"},"content":{"rendered":"<p style=\"text-align: center;\">Dia 13 de abril, no Sesc Palladium<br \/>\n<!--more--><\/p>\n<h3 class=\"p1\" style=\"text-align: center;\"><b>S\u00c9RIE DOMINGOS CL\u00c1SSICOS RECEBE CL\u00c1SSICOS DOS BEATLES<\/b><b><\/b><\/h3>\n<p class=\"p2\" style=\"text-align: center;\"><i>Forma\u00e7\u00e3o mineira apresenta um de seus maiores sucessos no dia 13 de abril, \u00e0s 11h, no Sesc Palladium<\/i><\/p>\n<p>&nbsp;<\/p>\n<p class=\"p4\">A Orquestra Ouro Preto traz \u00e0 s\u00e9rie Domingos Cl\u00e1ssicos um de seus maiores sucessos: o tributo <b>\u201cThe Beatles\u201d<\/b>. Considerado uma s\u00edntese da excel\u00eancia, ousadia e versatilidade que marcam a forma\u00e7\u00e3o mineira, o concerto ter\u00e1 \u00fanica apresenta\u00e7\u00e3o no dia 13 de abril, \u00e0s 11h, no Grande Teatro do Sesc Palladium.<\/p>\n<p><a href=\"https:\/\/bileto.sympla.com.br\/event\/104347?share_id=1-copiarlink\" target=\"_blank\" rel=\"noopener\">Clique aqui para garantir os seus ingressos.<\/a><\/p>\n<p class=\"p4\">Aclamado em todo o Brasil, o tributo da Orquestra nasceu de uma combina\u00e7\u00e3o inusitada: a uni\u00e3o, em um mesmo palco, de uma forma\u00e7\u00e3o de cordas e uma banda de rock. Essa mistura irreverente rendeu dois tributos da Orquestra, proporcionando \u00e0 plateia um verdadeiro mergulho na obra da banda comandada por John Lennon e Paul McCartney.<\/p>\n<p class=\"p4\">Mas o reconhecimento foi al\u00e9m das fronteiras do pa\u00eds, sendo celebrado com aplausos efusivos tamb\u00e9m na Inglaterra, quando foi apresentado na <i>International Beatle Week<\/i>, em Liverpool, em tr\u00eas elogiados concertos. A participa\u00e7\u00e3o tornou a Orquestra a primeira do mundo a integrar o tradicional evento dedicado a beatleman\u00edacos de todo o planeta. Al\u00e9m disso, o concerto j\u00e1 foi registrado em CD e DVD, consolidando-se como uma das produ\u00e7\u00f5es mais emblem\u00e1ticas da Orquestra.<\/p>\n<p class=\"p4\">O sucesso do espet\u00e1culo tamb\u00e9m se reflete no ambiente digital. Os v\u00eddeos da Orquestra Ouro Preto interpretando os cl\u00e1ssicos dos Beatles acumulam milh\u00f5es de visualiza\u00e7\u00f5es no YouTube, conquistando uma audi\u00eancia global e reafirmando a relev\u00e2ncia do trabalho da forma\u00e7\u00e3o mineira. A fus\u00e3o entre o cl\u00e1ssico e o popular encanta f\u00e3s de todas as idades, tornando-se um dos conte\u00fados mais acessados do grupo nas plataformas digitais.<\/p>\n<p class=\"p4\">O repert\u00f3rio do concerto abrange todo o per\u00edodo de produ\u00e7\u00e3o art\u00edstica do quarteto ingl\u00eas, incluindo verdadeiros cl\u00e1ssicos como \u201cLet It Be\u201d, \u201cHey Jude\u201d, \u201cDon\u2019t Let Me Down\u201d, \u201cWhile My Guitar Gently Weeps\u201d, entre outros hinos do grupo que encantou o mundo e mudou para sempre a hist\u00f3ria da m\u00fasica no s\u00e9culo XX. Os arranjos sofisticados e a fus\u00e3o entre a sonoridade erudita e o rock proporcionam uma nova experi\u00eancia ao p\u00fablico, dando uma roupagem in\u00e9dita a can\u00e7\u00f5es que atravessam gera\u00e7\u00f5es.<\/p>\n<p class=\"p4\">Para o maestro Rodrigo Toffolo, revisitar os Beatles \u00e9 sempre uma experi\u00eancia transformadora. \u201cOs Beatles mudaram o mundo e continuam nos emocionando com sua m\u00fasica atemporal. Esse concerto n\u00e3o \u00e9 apenas uma homenagem, mas uma oportunidade de redescobrir essas can\u00e7\u00f5es sob uma nova perspectiva, explorando suas harmonias e nuances com a riqueza da m\u00fasica de concerto aliada \u00e0 energia do rock. \u00c9 um espet\u00e1culo para todas as idades e perfis de p\u00fablico, porque a m\u00fasica dos Beatles \u00e9 um verdadeiro cl\u00e1ssico\u201d, destaca Toffolo.<\/p>\n<p>&nbsp;<\/p>\n<hr \/>\n<p><b>Servi\u00e7o<\/b><br \/>\n<b>Orquestra Ouro Preto: The Beatles<\/b><\/p>\n<p><b>Data: <\/b>13 de abril de 2025, domingo<br \/>\n<b>Hor\u00e1rio:<\/b> 11h<br \/>\n<b>Local: <\/b>Sesc Palladium (Rua Rio de Janeiro, 1046, Centro, Belo Horizonte)<br \/>\n<b>Ingressos:<\/b> <a href=\"https:\/\/bileto.sympla.com.br\/event\/104347?share_id=1-copiarlink\" target=\"_blank\" rel=\"noopener\">Clique aqui para garantir os seus ingressos.<\/a><\/p>\n","protected":false},"excerpt":{"rendered":"<p>Dia 13 de abril, no Sesc Palladium<\/p>\n","protected":false},"author":1,"featured_media":9991,"comment_status":"closed","ping_status":"closed","sticky":false,"template":"","format":"standard","meta":{"footnotes":""},"categories":[289,295],"tags":[],"class_list":{"0":"post-9990","1":"post","2":"type-post","3":"status-publish","4":"format-standard","5":"has-post-thumbnail","7":"category-eventos","8":"category-noticia"},"_links":{"self":[{"href":"https:\/\/www.orquestraouropreto.com.br\/site\/wp-json\/wp\/v2\/posts\/9990","targetHints":{"allow":["GET"]}}],"collection":[{"href":"https:\/\/www.orquestraouropreto.com.br\/site\/wp-json\/wp\/v2\/posts"}],"about":[{"href":"https:\/\/www.orquestraouropreto.com.br\/site\/wp-json\/wp\/v2\/types\/post"}],"author":[{"embeddable":true,"href":"https:\/\/www.orquestraouropreto.com.br\/site\/wp-json\/wp\/v2\/users\/1"}],"replies":[{"embeddable":true,"href":"https:\/\/www.orquestraouropreto.com.br\/site\/wp-json\/wp\/v2\/comments?post=9990"}],"version-history":[{"count":2,"href":"https:\/\/www.orquestraouropreto.com.br\/site\/wp-json\/wp\/v2\/posts\/9990\/revisions"}],"predecessor-version":[{"id":9993,"href":"https:\/\/www.orquestraouropreto.com.br\/site\/wp-json\/wp\/v2\/posts\/9990\/revisions\/9993"}],"wp:featuredmedia":[{"embeddable":true,"href":"https:\/\/www.orquestraouropreto.com.br\/site\/wp-json\/wp\/v2\/media\/9991"}],"wp:attachment":[{"href":"https:\/\/www.orquestraouropreto.com.br\/site\/wp-json\/wp\/v2\/media?parent=9990"}],"wp:term":[{"taxonomy":"category","embeddable":true,"href":"https:\/\/www.orquestraouropreto.com.br\/site\/wp-json\/wp\/v2\/categories?post=9990"},{"taxonomy":"post_tag","embeddable":true,"href":"https:\/\/www.orquestraouropreto.com.br\/site\/wp-json\/wp\/v2\/tags?post=9990"}],"curies":[{"name":"wp","href":"https:\/\/api.w.org\/{rel}","templated":true}]}}